{"id":963,"date":"2019-09-14T22:48:57","date_gmt":"2019-09-14T20:48:57","guid":{"rendered":"https:\/\/psi-jaciel.pl\/?p=963"},"modified":"2025-03-08T22:07:10","modified_gmt":"2025-03-08T20:07:10","slug":"sasza","status":"publish","type":"post","link":"https:\/\/psi-jaciel.pl\/index.php\/2019\/09\/14\/sasza\/","title":{"rendered":"Sasza"},"content":{"rendered":"\n<h2 class=\"has-text-align-center wp-block-heading\">Hamlet<\/h2>\n\n\n\n<p><\/p>\n\n\n\n<p><\/p>\n\n\n\n<hr class=\"wp-block-separator has-alpha-channel-opacity\"\/>\n\n\n\n<p class=\"has-text-align-center\">Data przyj\u0119cia do schroniska:<strong> 14-09-2018<\/strong><br>Wiek okre\u015blony (w przybli\u017ceniu) w dniu przyj\u0119cia: <strong>2 lata<\/strong><strong><br><\/strong>Stosunek do ludzi: <strong>pozytywny<\/strong><br>Stosunek do innych ps\u00f3w: <strong>pozytywny<\/strong><br><\/p>\n\n\n\n<p>Opiekun: <strong>Sasza adoptowana!<\/strong><\/p>\n\n\n\n<hr class=\"wp-block-separator has-alpha-channel-opacity\"\/>\n\n\n\n<div class=\"wp-block-columns is-layout-flex wp-container-core-columns-is-layout-9d6595d7 wp-block-columns-is-layout-flex\">\n<div class=\"wp-block-column is-layout-flow wp-block-column-is-layout-flow\" style=\"flex-basis:33.33%\"><style>.kt-svg-icons_b809ef-cc .kt-svg-item-0 .kb-svg-icon-wrap{color:var(--nv-secondary-accent);font-size:50px;}.wp-block-kadence-icon.kt-svg-icons_b809ef-cc{justify-content:center;}<\/style>\n<div class=\"wp-block-kadence-icon kt-svg-icons kt-svg-icons_b809ef-cc alignnone\" style=\"text-align:center\"><div class=\"kt-svg-style-default kt-svg-icon-wrap kt-svg-item-0\"><div style=\"display:inline-flex;justify-content:center;align-items:center;color:var(--nv-secondary-accent)\" class=\"kt-svg-icon kt-svg-icon-ic_person\"><svg style=\"display:inline-block;vertical-align:middle\" viewBox=\"0 0 8 8\" height=\"50\" width=\"50\" fill=\"currentColor\" xmlns=\"http:\/\/www.w3.org\/2000\/svg\" aria-hidden=\"true\"><path d=\"M4 0c-1.1 0-2 1.12-2 2.5s.9 2.5 2 2.5 2-1.12 2-2.5-.9-2.5-2-2.5zm-2.09 5c-1.06.05-1.91.92-1.91 2v1h8v-1c0-1.08-.84-1.95-1.91-2-.54.61-1.28 1-2.09 1-.81 0-1.55-.39-2.09-1z\"><\/path><\/svg><\/div><\/div><\/div>\n<\/div>\n\n\n\n<div class=\"wp-block-column is-layout-flow wp-block-column-is-layout-flow\" style=\"flex-basis:66.66%\">\n<p><strong><strong><strong>Kontakt w sprawie adopcji: <strong>Ola <\/strong>(tel. 724 135 335), <strong>Karolina<\/strong> (tel. 669 809 565)<\/strong><\/strong><\/strong><\/p>\n<\/div>\n<\/div>\n\n\n\n<div class=\"wp-block-columns is-layout-flex wp-container-core-columns-is-layout-9d6595d7 wp-block-columns-is-layout-flex\">\n<div class=\"wp-block-column is-layout-flow wp-block-column-is-layout-flow\" style=\"flex-basis:33.33%\"><style>.kt-svg-icons_0cd93e-b4 .kt-svg-item-0 .kb-svg-icon-wrap{color:var(--nv-secondary-accent);font-size:50px;}.wp-block-kadence-icon.kt-svg-icons_0cd93e-b4{justify-content:center;}<\/style>\n<div class=\"wp-block-kadence-icon kt-svg-icons kt-svg-icons_0cd93e-b4 alignnone\" style=\"text-align:center\"><div class=\"kt-svg-style-default kt-svg-icon-wrap kt-svg-item-0\"><div style=\"display:inline-flex;justify-content:center;align-items:center;color:var(--nv-secondary-accent)\" class=\"kt-svg-icon kt-svg-icon-fas_question\"><svg style=\"display:inline-block;vertical-align:middle\" viewBox=\"0 0 384 512\" height=\"50\" width=\"50\" fill=\"currentColor\" xmlns=\"http:\/\/www.w3.org\/2000\/svg\" aria-hidden=\"true\"><path d=\"M202.021 0C122.202 0 70.503 32.703 29.914 91.026c-7.363 10.58-5.093 25.086 5.178 32.874l43.138 32.709c10.373 7.865 25.132 6.026 33.253-4.148 25.049-31.381 43.63-49.449 82.757-49.449 30.764 0 68.816 19.799 68.816 49.631 0 22.552-18.617 34.134-48.993 51.164-35.423 19.86-82.299 44.576-82.299 106.405V320c0 13.255 10.745 24 24 24h72.471c13.255 0 24-10.745 24-24v-5.773c0-42.86 125.268-44.645 125.268-160.627C377.504 66.256 286.902 0 202.021 0zM192 373.459c-38.196 0-69.271 31.075-69.271 69.271 0 38.195 31.075 69.27 69.271 69.27s69.271-31.075 69.271-69.271-31.075-69.27-69.271-69.27z\"><\/path><\/svg><\/div><\/div><\/div>\n<\/div>\n\n\n\n<div class=\"wp-block-column is-layout-flow wp-block-column-is-layout-flow\" style=\"flex-basis:66.66%\">\n<p><strong>Sasza niestety nie ma wirtualnego opiekuna. Kliknij <a href=\"https:\/\/psi-jaciel.pl\/psi-garnij-wirtualnie\/\"><strong>tutaj<\/strong><\/a>, je\u017celi chcesz jej pom\u00f3c.<\/strong><\/p>\n<\/div>\n<\/div>\n\n\n\n<hr class=\"wp-block-separator has-alpha-channel-opacity\"\/>\n\n\n\n<figure class=\"wp-block-gallery has-nested-images columns-default is-cropped wp-block-gallery-1 is-layout-flex wp-block-gallery-is-layout-flex\">\n<figure class=\"wp-block-image size-large\"><img loading=\"lazy\" decoding=\"async\" width=\"683\" height=\"1024\" data-id=\"2744\" src=\"https:\/\/psi-jaciel.pl\/wp-content\/uploads\/2020\/05\/sasza-glowne-683x1024.jpg\" alt=\"\" class=\"wp-image-2744\" srcset=\"https:\/\/psi-jaciel.pl\/wp-content\/uploads\/2020\/05\/sasza-glowne-683x1024.jpg 683w, https:\/\/psi-jaciel.pl\/wp-content\/uploads\/2020\/05\/sasza-glowne-200x300.jpg 200w, https:\/\/psi-jaciel.pl\/wp-content\/uploads\/2020\/05\/sasza-glowne.jpg 720w\" sizes=\"auto, (max-width: 683px) 100vw, 683px\" \/><\/figure>\n<\/figure>\n\n\n\n<hr class=\"wp-block-separator has-alpha-channel-opacity\"\/>\n\n\n\n<h2 class=\"has-text-align-center wp-block-heading\">Sasza &#8211; szcz\u0119\u015bcie w pe\u0142nym wydaniu<\/h2>\n\n\n\n<p>Sasza \u2013 ma\u0142a wariatka, kupka rado\u015bci, szcz\u0119\u015bcie w pe\u0142nym wydaniu \u2013 w\u0142a\u015bnie tak mo\u017cna j\u0105 okre\u015bli\u0107. Naprawd\u0119 nie wiemy sk\u0105d ta maluda bierze takie pok\u0142ady rado\u015bci\u2026 Od wrze\u015bnia 2018 roku przecie\u017c mieszka w schronisku. Wcze\u015bniej kilka dni b\u0142\u0105ka\u0142a si\u0119 po jednym z wrzesi\u0144skich osiedli.<\/p>\n\n\n\n<p>Dzi\u015b wraz ze swoj\u0105 wsp\u00f3\u0142lokatork\u0105 witaj\u0105 go\u015bci schroniskach w pierwszym, widocznym dla wszystkich kojcu\u2026 Niestety, ich nikt nie zauwa\u017ca. Mo\u017ce dlatego, \u017ce s\u0105 zwyk\u0142ymi, szarymi kundelkami? Przecie\u017c dalej s\u0105 inne, smutne, mo\u017ce \u0142adniejsze pieski\u2026 Ani Sasza, ani jej kole\u017canka Lili nie maj\u0105 szcz\u0119\u015bcia. Mimo tego, \u017ce gdy tylko Sasza widzi na horyzoncie cz\u0142owieka zaczyna biega\u0107 w k\u00f3\u0142ko, jakby chcia\u0142a si\u0119 pokaza\u0107, jakby chcia\u0142a powiedzie\u0107: \u201e<em>Hej, hej\u2026 Ja tu jestem, zauwa\u017c mnie!<\/em>\u201d \u2013 jednak to nie przynosi jej spodziewanych rezultat\u00f3w. Nie wiemy ile jeszcze pozytywnej energii ma w sobie Sasza. Chcemy by znalaz\u0142a dom zanim straci rado\u015b\u0107 z \u017cycia i ze spotkania z cz\u0142owiekiem. Niew\u0105tpliwie jednak w schronisku nast\u0105pi to pr\u0119dzej czy p\u00f3\u017aniej\u2026<\/p>\n\n\n\n<p>Czy uda nam si\u0119 znale\u017a\u0107 dla Saszy wspania\u0142\u0105 rodzin\u0119, kt\u00f3rej ona b\u0119dzie mog\u0142a wype\u0142ni\u0107 ka\u017cdy dzie\u0144 szcz\u0119\u015bciem i zara\u017ca\u0107 pozytywn\u0105 energi\u0105? Mamy nadziej\u0119, \u017ce tak. Moc internetu ju\u017c nie raz nas zaskoczy\u0142a. A wi\u0119c, do dzie\u0142a!<\/p>\n\n\n\n<p>Sasza jest ma\u0142ym, m\u0142odziutkim psiakiem. Kocha dzieci, z kt\u00f3rymi uwielbia biega\u0107 i bawi\u0107 si\u0119. Na cotygodniowym wolontariacie zawsze spaceruje z najm\u0142odszymi wolontariuszami, z kt\u00f3rymi \u015bwietnie si\u0119 dogaduj\u0105.<\/p>\n\n\n\n<p>Tak naprawd\u0119 nie wiemy dlaczego nadal tkwi w schronisku. Jest psem o bardzo pogodnym charakterze i z pewno\u015bci\u0105 wype\u0142ni rado\u015bci\u0105 ka\u017cd\u0105 woln\u0105 chwil\u0119 w nowym domu, a jej rodzina nie po\u017ca\u0142uje tej adopcji.<\/p>\n\n\n\n<p class=\"has-text-align-center\">Warunkiem adopcji jest wype\u0142nienie ankiety przedadopcyjnej oraz wizyta przedadopcyjna!<\/p>\n","protected":false},"excerpt":{"rendered":"<p>Data adopcji: 14-03-2020<\/p>\n","protected":false},"author":1,"featured_media":2744,"comment_status":"closed","ping_status":"open","sticky":false,"template":"template-parts\/dog-template.php","format":"standard","meta":{"_acf_changed":false,"neve_meta_sidebar":"","neve_meta_container":"","neve_meta_enable_content_width":"","neve_meta_content_width":0,"neve_meta_title_alignment":"","neve_meta_author_avatar":"","neve_post_elements_order":"[\"content\"]","neve_meta_disable_header":"","neve_meta_disable_footer":"","neve_meta_disable_title":"","footnotes":""},"categories":[6,4],"tags":[],"class_list":["post-963","post","type-post","status-publish","format-standard","has-post-thumbnail","hentry","category-psy","category-znalazly-dom"],"acf":[],"_links":{"self":[{"href":"https:\/\/psi-jaciel.pl\/index.php\/wp-json\/wp\/v2\/posts\/963","targetHints":{"allow":["GET"]}}],"collection":[{"href":"https:\/\/psi-jaciel.pl\/index.php\/wp-json\/wp\/v2\/posts"}],"about":[{"href":"https:\/\/psi-jaciel.pl\/index.php\/wp-json\/wp\/v2\/types\/post"}],"author":[{"embeddable":true,"href":"https:\/\/psi-jaciel.pl\/index.php\/wp-json\/wp\/v2\/users\/1"}],"replies":[{"embeddable":true,"href":"https:\/\/psi-jaciel.pl\/index.php\/wp-json\/wp\/v2\/comments?post=963"}],"version-history":[{"count":3,"href":"https:\/\/psi-jaciel.pl\/index.php\/wp-json\/wp\/v2\/posts\/963\/revisions"}],"predecessor-version":[{"id":11637,"href":"https:\/\/psi-jaciel.pl\/index.php\/wp-json\/wp\/v2\/posts\/963\/revisions\/11637"}],"wp:featuredmedia":[{"embeddable":true,"href":"https:\/\/psi-jaciel.pl\/index.php\/wp-json\/wp\/v2\/media\/2744"}],"wp:attachment":[{"href":"https:\/\/psi-jaciel.pl\/index.php\/wp-json\/wp\/v2\/media?parent=963"}],"wp:term":[{"taxonomy":"category","embeddable":true,"href":"https:\/\/psi-jaciel.pl\/index.php\/wp-json\/wp\/v2\/categories?post=963"},{"taxonomy":"post_tag","embeddable":true,"href":"https:\/\/psi-jaciel.pl\/index.php\/wp-json\/wp\/v2\/tags?post=963"}],"curies":[{"name":"wp","href":"https:\/\/api.w.org\/{rel}","templated":true}]}}