{"id":4023,"date":"2021-07-24T16:02:02","date_gmt":"2021-07-24T14:02:02","guid":{"rendered":"https:\/\/psi-jaciel.pl\/?p=4023"},"modified":"2025-03-14T09:37:03","modified_gmt":"2025-03-14T07:37:03","slug":"dora","status":"publish","type":"post","link":"https:\/\/psi-jaciel.pl\/index.php\/2021\/07\/24\/dora\/","title":{"rendered":"Dora"},"content":{"rendered":"\n<h2 class=\"has-text-align-center wp-block-heading\">Dora<\/h2>\n\n\n\n<p class=\"has-text-align-center\">Staruszka odebrana interwencyjnie szuka nowego domu..<\/p>\n\n\n\n<p><\/p>\n\n\n\n<hr class=\"wp-block-separator has-alpha-channel-opacity\"\/>\n\n\n\n<p class=\"has-text-align-center\">Data przyj\u0119cia do schroniska: 05-03-2021<br>Wiek okre\u015blony (w przybli\u017ceniu) w dniu przyj\u0119cia: 10 lat<br>Stosunek do ludzi: pozytywny<br>Stosunek do innych ps\u00f3w: neutralny<br>Dora nie ma jeszcze opiekuna.<\/p>\n\n\n\n<hr class=\"wp-block-separator has-alpha-channel-opacity\"\/>\n\n\n\n<div class=\"wp-block-columns is-layout-flex wp-container-core-columns-is-layout-9d6595d7 wp-block-columns-is-layout-flex\">\n<div class=\"wp-block-column is-layout-flow wp-block-column-is-layout-flow\" style=\"flex-basis:33.33%\"><style>.kt-svg-icons_b809ef-cc .kt-svg-item-0 .kb-svg-icon-wrap{color:var(--nv-secondary-accent);font-size:50px;}.wp-block-kadence-icon.kt-svg-icons_b809ef-cc{justify-content:center;}<\/style>\n<div class=\"wp-block-kadence-icon kt-svg-icons kt-svg-icons_b809ef-cc alignnone\" style=\"text-align:center\"><div class=\"kt-svg-style-default kt-svg-icon-wrap kt-svg-item-0\"><div style=\"display:inline-flex;justify-content:center;align-items:center;color:var(--nv-secondary-accent)\" class=\"kt-svg-icon kt-svg-icon-ic_person\"><svg style=\"display:inline-block;vertical-align:middle\" viewBox=\"0 0 8 8\" height=\"50\" width=\"50\" fill=\"currentColor\" xmlns=\"http:\/\/www.w3.org\/2000\/svg\" aria-hidden=\"true\"><path d=\"M4 0c-1.1 0-2 1.12-2 2.5s.9 2.5 2 2.5 2-1.12 2-2.5-.9-2.5-2-2.5zm-2.09 5c-1.06.05-1.91.92-1.91 2v1h8v-1c0-1.08-.84-1.95-1.91-2-.54.61-1.28 1-2.09 1-.81 0-1.55-.39-2.09-1z\"><\/path><\/svg><\/div><\/div><\/div>\n<\/div>\n\n\n\n<div class=\"wp-block-column is-layout-flow wp-block-column-is-layout-flow\" style=\"flex-basis:66.66%\">\n<p><strong>Dodatkowe informacje oraz kontakt w sprawie adopcji<\/strong>: Karolina (tel. 669 809 565), Magda (tel. 785 532 837)<\/p>\n<\/div>\n<\/div>\n\n\n\n<div class=\"wp-block-columns is-layout-flex wp-container-core-columns-is-layout-9d6595d7 wp-block-columns-is-layout-flex\">\n<div class=\"wp-block-column is-layout-flow wp-block-column-is-layout-flow\" style=\"flex-basis:33.33%\"><style>.kt-svg-icons_335e14-00 .kt-svg-item-0 .kb-svg-icon-wrap{color:var(--nv-secondary-accent);font-size:50px;}.wp-block-kadence-icon.kt-svg-icons_335e14-00{justify-content:center;}<\/style>\n<div class=\"wp-block-kadence-icon kt-svg-icons kt-svg-icons_335e14-00 alignnone\" style=\"text-align:center\"><div class=\"kt-svg-style-default kt-svg-icon-wrap kt-svg-item-0\"><div style=\"display:inline-flex;justify-content:center;align-items:center;color:var(--nv-secondary-accent)\" class=\"kt-svg-icon kt-svg-icon-fas_question\"><svg style=\"display:inline-block;vertical-align:middle\" viewBox=\"0 0 384 512\" height=\"50\" width=\"50\" fill=\"currentColor\" xmlns=\"http:\/\/www.w3.org\/2000\/svg\" aria-hidden=\"true\"><path d=\"M202.021 0C122.202 0 70.503 32.703 29.914 91.026c-7.363 10.58-5.093 25.086 5.178 32.874l43.138 32.709c10.373 7.865 25.132 6.026 33.253-4.148 25.049-31.381 43.63-49.449 82.757-49.449 30.764 0 68.816 19.799 68.816 49.631 0 22.552-18.617 34.134-48.993 51.164-35.423 19.86-82.299 44.576-82.299 106.405V320c0 13.255 10.745 24 24 24h72.471c13.255 0 24-10.745 24-24v-5.773c0-42.86 125.268-44.645 125.268-160.627C377.504 66.256 286.902 0 202.021 0zM192 373.459c-38.196 0-69.271 31.075-69.271 69.271 0 38.195 31.075 69.27 69.271 69.27s69.271-31.075 69.271-69.271-31.075-69.27-69.271-69.27z\"><\/path><\/svg><\/div><\/div><\/div>\n<\/div>\n\n\n\n<div class=\"wp-block-column is-layout-flow wp-block-column-is-layout-flow\" style=\"flex-basis:66.66%\">\n<p><strong>Wirtualnymi Psi-jaci\u00f3\u0142mi Dory s\u0105 Ilona Balcerska i&nbsp; Wojciech Gajda.<\/strong><\/p>\n<\/div>\n<\/div>\n\n\n\n<hr class=\"wp-block-separator has-alpha-channel-opacity\"\/>\n\n\n\n<figure class=\"wp-block-gallery has-nested-images columns-default is-cropped wp-block-gallery-1 is-layout-flex wp-block-gallery-is-layout-flex\">\n<figure class=\"wp-block-image size-large\"><img loading=\"lazy\" decoding=\"async\" width=\"1024\" height=\"683\" data-id=\"4054\" src=\"https:\/\/psi-jaciel.pl\/wp-content\/uploads\/2021\/03\/DSC_0563-1024x683.jpg\" alt=\"\" class=\"wp-image-4054\" srcset=\"https:\/\/psi-jaciel.pl\/wp-content\/uploads\/2021\/03\/DSC_0563-1024x683.jpg 1024w, https:\/\/psi-jaciel.pl\/wp-content\/uploads\/2021\/03\/DSC_0563-300x200.jpg 300w, https:\/\/psi-jaciel.pl\/wp-content\/uploads\/2021\/03\/DSC_0563-768x512.jpg 768w, https:\/\/psi-jaciel.pl\/wp-content\/uploads\/2021\/03\/DSC_0563-1536x1024.jpg 1536w, https:\/\/psi-jaciel.pl\/wp-content\/uploads\/2021\/03\/DSC_0563.jpg 1620w\" sizes=\"auto, (max-width: 1024px) 100vw, 1024px\" \/><\/figure>\n\n\n\n<figure class=\"wp-block-image size-large\"><img loading=\"lazy\" decoding=\"async\" width=\"683\" height=\"1024\" data-id=\"4053\" src=\"https:\/\/psi-jaciel.pl\/wp-content\/uploads\/2021\/03\/DSC_0567-683x1024.jpg\" alt=\"\" class=\"wp-image-4053\" srcset=\"https:\/\/psi-jaciel.pl\/wp-content\/uploads\/2021\/03\/DSC_0567-683x1024.jpg 683w, https:\/\/psi-jaciel.pl\/wp-content\/uploads\/2021\/03\/DSC_0567-200x300.jpg 200w, https:\/\/psi-jaciel.pl\/wp-content\/uploads\/2021\/03\/DSC_0567.jpg 720w\" sizes=\"auto, (max-width: 683px) 100vw, 683px\" \/><\/figure>\n\n\n\n<figure class=\"wp-block-image size-large\"><img loading=\"lazy\" decoding=\"async\" width=\"656\" height=\"1024\" data-id=\"4052\" src=\"https:\/\/psi-jaciel.pl\/wp-content\/uploads\/2021\/03\/DSC_0597-656x1024.jpg\" alt=\"\" class=\"wp-image-4052\" srcset=\"https:\/\/psi-jaciel.pl\/wp-content\/uploads\/2021\/03\/DSC_0597-656x1024.jpg 656w, https:\/\/psi-jaciel.pl\/wp-content\/uploads\/2021\/03\/DSC_0597-192x300.jpg 192w, https:\/\/psi-jaciel.pl\/wp-content\/uploads\/2021\/03\/DSC_0597.jpg 692w\" sizes=\"auto, (max-width: 656px) 100vw, 656px\" \/><\/figure>\n\n\n\n<figure class=\"wp-block-image size-large\"><img loading=\"lazy\" decoding=\"async\" width=\"683\" height=\"1024\" data-id=\"4051\" src=\"https:\/\/psi-jaciel.pl\/wp-content\/uploads\/2021\/03\/DSC_0619-683x1024.jpg\" alt=\"\" class=\"wp-image-4051\" srcset=\"https:\/\/psi-jaciel.pl\/wp-content\/uploads\/2021\/03\/DSC_0619-683x1024.jpg 683w, https:\/\/psi-jaciel.pl\/wp-content\/uploads\/2021\/03\/DSC_0619-200x300.jpg 200w, https:\/\/psi-jaciel.pl\/wp-content\/uploads\/2021\/03\/DSC_0619.jpg 720w\" sizes=\"auto, (max-width: 683px) 100vw, 683px\" \/><\/figure>\n\n\n\n<figure class=\"wp-block-image size-large\"><img loading=\"lazy\" decoding=\"async\" width=\"683\" height=\"1024\" data-id=\"4050\" src=\"https:\/\/psi-jaciel.pl\/wp-content\/uploads\/2021\/03\/DSC_0629-683x1024.jpg\" alt=\"\" class=\"wp-image-4050\" srcset=\"https:\/\/psi-jaciel.pl\/wp-content\/uploads\/2021\/03\/DSC_0629-683x1024.jpg 683w, https:\/\/psi-jaciel.pl\/wp-content\/uploads\/2021\/03\/DSC_0629-200x300.jpg 200w, https:\/\/psi-jaciel.pl\/wp-content\/uploads\/2021\/03\/DSC_0629.jpg 720w\" sizes=\"auto, (max-width: 683px) 100vw, 683px\" \/><\/figure>\n\n\n\n<figure class=\"wp-block-image size-large\"><img loading=\"lazy\" decoding=\"async\" width=\"683\" height=\"1024\" data-id=\"4049\" src=\"https:\/\/psi-jaciel.pl\/wp-content\/uploads\/2021\/03\/DSC_0638-683x1024.jpg\" alt=\"\" class=\"wp-image-4049\" srcset=\"https:\/\/psi-jaciel.pl\/wp-content\/uploads\/2021\/03\/DSC_0638-683x1024.jpg 683w, https:\/\/psi-jaciel.pl\/wp-content\/uploads\/2021\/03\/DSC_0638-200x300.jpg 200w, https:\/\/psi-jaciel.pl\/wp-content\/uploads\/2021\/03\/DSC_0638.jpg 720w\" sizes=\"auto, (max-width: 683px) 100vw, 683px\" \/><\/figure>\n\n\n\n<figure class=\"wp-block-image size-large\"><img loading=\"lazy\" decoding=\"async\" width=\"683\" height=\"1024\" data-id=\"4048\" src=\"https:\/\/psi-jaciel.pl\/wp-content\/uploads\/2021\/03\/DSC_0668-683x1024.jpg\" alt=\"\" class=\"wp-image-4048\" srcset=\"https:\/\/psi-jaciel.pl\/wp-content\/uploads\/2021\/03\/DSC_0668-683x1024.jpg 683w, https:\/\/psi-jaciel.pl\/wp-content\/uploads\/2021\/03\/DSC_0668-200x300.jpg 200w, https:\/\/psi-jaciel.pl\/wp-content\/uploads\/2021\/03\/DSC_0668.jpg 720w\" sizes=\"auto, (max-width: 683px) 100vw, 683px\" \/><\/figure>\n\n\n\n<figure class=\"wp-block-image size-large\"><img loading=\"lazy\" decoding=\"async\" width=\"683\" height=\"1024\" data-id=\"4047\" src=\"https:\/\/psi-jaciel.pl\/wp-content\/uploads\/2021\/03\/DSC_0680-683x1024.jpg\" alt=\"\" class=\"wp-image-4047\" srcset=\"https:\/\/psi-jaciel.pl\/wp-content\/uploads\/2021\/03\/DSC_0680-683x1024.jpg 683w, https:\/\/psi-jaciel.pl\/wp-content\/uploads\/2021\/03\/DSC_0680-200x300.jpg 200w, https:\/\/psi-jaciel.pl\/wp-content\/uploads\/2021\/03\/DSC_0680.jpg 720w\" sizes=\"auto, (max-width: 683px) 100vw, 683px\" \/><\/figure>\n\n\n\n<figure class=\"wp-block-image size-large\"><img loading=\"lazy\" decoding=\"async\" width=\"683\" height=\"1024\" data-id=\"4046\" src=\"https:\/\/psi-jaciel.pl\/wp-content\/uploads\/2021\/03\/DSC_0698-683x1024.jpg\" alt=\"\" class=\"wp-image-4046\" srcset=\"https:\/\/psi-jaciel.pl\/wp-content\/uploads\/2021\/03\/DSC_0698-683x1024.jpg 683w, https:\/\/psi-jaciel.pl\/wp-content\/uploads\/2021\/03\/DSC_0698-200x300.jpg 200w, https:\/\/psi-jaciel.pl\/wp-content\/uploads\/2021\/03\/DSC_0698.jpg 720w\" sizes=\"auto, (max-width: 683px) 100vw, 683px\" \/><\/figure>\n<\/figure>\n\n\n\n<hr class=\"wp-block-separator has-alpha-channel-opacity\"\/>\n\n\n\n<h2 class=\"has-text-align-center wp-block-heading\">Dora prosi o szans\u0119..<\/h2>\n\n\n\n<p>Dora po zabiegu potrzebuje domu!<\/p>\n\n\n\n<p>Dora to sunia w typie owczarka niemieckiego \u2013 nazywana przez nas pieszczotliwe Dorotk\u0105. Trafi\u0142a do schroniska kilka tygodni temu z ogromnym guzem na brzuchu, z kt\u00f3rego s\u0105czy\u0142a si\u0119 krew. Podejrzewamy, \u017ce zosta\u0142a przez nas zabrana w ostatniej chwili zanim guz zd\u0105\u017cy\u0142 ca\u0142kowicie p\u0119kn\u0105\u0107. Dora ju\u017c kilka dni po tym jak trafi\u0142a do schroniska mia\u0142a wykonany zabieg usuni\u0119cia nieproszonego intruza. Po wyci\u0119ciu okaza\u0142o si\u0119, \u017ce guz wa\u017cy\u0142 ponad kilogram! Jak d\u0142ugo musia\u0142 rosn\u0105\u0107? Jak d\u0142ugo nikt nie reagowa\u0142? Takie rzeczy nie dziej\u0105 si\u0119 w dzie\u0144 czy tygodnie. Guz musia\u0142 rosn\u0105\u0107 od miesi\u0119cy lub nawet lat. Po zabiegu wszystko by\u0142o w porz\u0105dku, niestety po kilku dniach zauwa\u017cyli\u015bmy, \u017ce tylna \u0142apka jest ca\u0142a spuchni\u0119ta, a Dora ma problemy z podnoszeniem si\u0119 i stawaniem na tej \u0142apie. Sunia trafi\u0142a ponownie do weterynarza, gdzie okaza\u0142o si\u0119, \u017ce w okolicy rany zbiera si\u0119 ropa. Za\u0142o\u017cono s\u0105czek, by odprowadzi\u0107 zalegaj\u0105c\u0105 rop\u0119. Dora dosta\u0142a zastrzyki, antybiotyk i jest pod codzienn\u0105 kontrol\u0105.<\/p>\n\n\n\n<p>Niestety warunki w schronisku nie sprzyjaj\u0105 gojeniu si\u0119 rany i nie przy\u015bpieszaj\u0105 powrotu do zdrowia. Mimo, \u017ce Dora przebywa ca\u0142y czas w separatce nie s\u0105 to super sterylne warunki. Dorka potrzebuje dobrej opieki, cz\u0119stszych zmian opatrunk\u00f3w, ubranek pozabiegowych, kt\u00f3re w schronisku szybciej si\u0119 brudz\u0105. Co najwa\u017cniejsze powinna by\u0107 w ciep\u0142ym, czystym miejscu.<\/p>\n\n\n\n<p>Dora nie jest ju\u017c najm\u0142odsza. To dostojna seniorka, kt\u00f3re mo\u017ce mie\u0107 nawet oko\u0142o 10 lat. Lubi spokojne spacery i drapanie za uszkiem. Jest w pe\u0142ni obs\u0142ugiwalna, pozwala sobie zrobi\u0107 wszystko. Zdarza jej si\u0119 jedynie broni\u0107 zasob\u00f3w. Mo\u017ce to wynika\u0107 z tego, \u017ce trafi\u0142a do nas bardzo chuda, dlatego teraz gdy jedzenia jej nie brakuje stara si\u0119 go broni\u0107 za wszelk\u0105 cen\u0119, a wszelkie smako\u0142yki po\u0142yka w mig, razem z d\u0142oni\u0105 kt\u00f3ra je podaje. Poza tym to urocza seniorka, kt\u00f3ra uwielbiam wciska\u0107 pyszczek w r\u0119ce opiekuna i nadstawia\u0107 si\u0119 do g\u0142ask\u00f3w.<\/p>\n\n\n\n<p>Poszukiwany dom bez ma\u0142ych dzieci.<\/p>\n\n\n\n<p>Potrzebujemy dla Dory chocia\u017c domu tymczasowego.<\/p>\n\n\n\n<p class=\"has-text-align-center\">Warunkiem adopcji jest wype\u0142nienie ankiety przedadopcyjnej oraz wizyta przedadopcyjna!<\/p>\n","protected":false},"excerpt":{"rendered":"<p>Dora Staruszka odebrana interwencyjnie szuka nowego domu.. Data przyj\u0119cia do schroniska: 05-03-2021Wiek okre\u015blony (w przybli\u017ceniu) w dniu przyj\u0119cia: 10 latStosunek do ludzi: pozytywnyStosunek do innych ps\u00f3w: neutralnyDora nie ma jeszcze opiekuna. Dodatkowe informacje oraz kontakt w sprawie adopcji: Karolina (tel. 669 809 565), Magda (tel. 785 532 837) Wirtualnymi Psi-jaci\u00f3\u0142mi Dory s\u0105 Ilona Balcerska i&nbsp;&hellip;&nbsp;<a href=\"https:\/\/psi-jaciel.pl\/index.php\/2021\/07\/24\/dora\/\" rel=\"bookmark\">Dowiedz si\u0119 wi\u0119cej &raquo;<span class=\"screen-reader-text\">Dora<\/span><\/a><\/p>\n","protected":false},"author":1,"featured_media":11957,"comment_status":"closed","ping_status":"open","sticky":false,"template":"","format":"standard","meta":{"_acf_changed":false,"neve_meta_sidebar":"","neve_meta_container":"","neve_meta_enable_content_width":"","neve_meta_content_width":0,"neve_meta_title_alignment":"","neve_meta_author_avatar":"","neve_post_elements_order":"[\"content\"]","neve_meta_disable_header":"","neve_meta_disable_footer":"","neve_meta_disable_title":"","footnotes":""},"categories":[6,12],"tags":[],"class_list":["post-4023","post","type-post","status-publish","format-standard","has-post-thumbnail","hentry","category-psy","category-za-teczowym-mostem"],"acf":[],"_links":{"self":[{"href":"https:\/\/psi-jaciel.pl\/index.php\/wp-json\/wp\/v2\/posts\/4023","targetHints":{"allow":["GET"]}}],"collection":[{"href":"https:\/\/psi-jaciel.pl\/index.php\/wp-json\/wp\/v2\/posts"}],"about":[{"href":"https:\/\/psi-jaciel.pl\/index.php\/wp-json\/wp\/v2\/types\/post"}],"author":[{"embeddable":true,"href":"https:\/\/psi-jaciel.pl\/index.php\/wp-json\/wp\/v2\/users\/1"}],"replies":[{"embeddable":true,"href":"https:\/\/psi-jaciel.pl\/index.php\/wp-json\/wp\/v2\/comments?post=4023"}],"version-history":[{"count":4,"href":"https:\/\/psi-jaciel.pl\/index.php\/wp-json\/wp\/v2\/posts\/4023\/revisions"}],"predecessor-version":[{"id":10709,"href":"https:\/\/psi-jaciel.pl\/index.php\/wp-json\/wp\/v2\/posts\/4023\/revisions\/10709"}],"wp:featuredmedia":[{"embeddable":true,"href":"https:\/\/psi-jaciel.pl\/index.php\/wp-json\/wp\/v2\/media\/11957"}],"wp:attachment":[{"href":"https:\/\/psi-jaciel.pl\/index.php\/wp-json\/wp\/v2\/media?parent=4023"}],"wp:term":[{"taxonomy":"category","embeddable":true,"href":"https:\/\/psi-jaciel.pl\/index.php\/wp-json\/wp\/v2\/categories?post=4023"},{"taxonomy":"post_tag","embeddable":true,"href":"https:\/\/psi-jaciel.pl\/index.php\/wp-json\/wp\/v2\/tags?post=4023"}],"curies":[{"name":"wp","href":"https:\/\/api.w.org\/{rel}","templated":true}]}}