{"id":3566,"date":"2021-04-02T11:58:03","date_gmt":"2021-04-02T09:58:03","guid":{"rendered":"https:\/\/psi-jaciel.pl\/?p=3566"},"modified":"2025-02-23T15:57:41","modified_gmt":"2025-02-23T13:57:41","slug":"aslan","status":"publish","type":"post","link":"https:\/\/psi-jaciel.pl\/index.php\/2021\/04\/02\/aslan\/","title":{"rendered":"Aslan"},"content":{"rendered":"\n<h2 class=\"has-text-align-center wp-block-heading\">Aslan<\/h2>\n\n\n\n<p class=\"has-text-align-center\">Owczarek niemiecki d\u0142ugow\u0142osy z temperamentem..<\/p>\n\n\n\n<p><\/p>\n\n\n\n<hr class=\"wp-block-separator has-alpha-channel-opacity\"\/>\n\n\n\n<p class=\"has-text-align-center\">Data przyj\u0119cia do schroniska: 14-10-2020<br>Wiek okre\u015blony (w przybli\u017ceniu) w dniu przyj\u0119cia: 4 lata<br>Stosunek do ludzi: r\u00f3\u017cny<br>Stosunek do innych ps\u00f3w: negatywny<br>Opiekunk\u0105 Aslana&nbsp; jest Roxana Jurkiewicz.<\/p>\n\n\n\n<hr class=\"wp-block-separator has-alpha-channel-opacity\"\/>\n\n\n\n<div class=\"wp-block-columns is-layout-flex wp-container-core-columns-is-layout-9d6595d7 wp-block-columns-is-layout-flex\">\n<div class=\"wp-block-column is-layout-flow wp-block-column-is-layout-flow\" style=\"flex-basis:33.33%\"><style>.kt-svg-icons_b809ef-cc .kt-svg-item-0 .kb-svg-icon-wrap{color:var(--nv-secondary-accent);font-size:50px;}.wp-block-kadence-icon.kt-svg-icons_b809ef-cc{justify-content:center;}<\/style>\n<div class=\"wp-block-kadence-icon kt-svg-icons kt-svg-icons_b809ef-cc alignnone\" style=\"text-align:center\"><div class=\"kt-svg-style-default kt-svg-icon-wrap kt-svg-item-0\"><div style=\"display:inline-flex;justify-content:center;align-items:center;color:var(--nv-secondary-accent)\" class=\"kt-svg-icon kt-svg-icon-ic_person\"><svg style=\"display:inline-block;vertical-align:middle\" viewBox=\"0 0 8 8\" height=\"50\" width=\"50\" fill=\"currentColor\" xmlns=\"http:\/\/www.w3.org\/2000\/svg\" aria-hidden=\"true\"><path d=\"M4 0c-1.1 0-2 1.12-2 2.5s.9 2.5 2 2.5 2-1.12 2-2.5-.9-2.5-2-2.5zm-2.09 5c-1.06.05-1.91.92-1.91 2v1h8v-1c0-1.08-.84-1.95-1.91-2-.54.61-1.28 1-2.09 1-.81 0-1.55-.39-2.09-1z\"><\/path><\/svg><\/div><\/div><\/div>\n<\/div>\n\n\n\n<div class=\"wp-block-column is-layout-flow wp-block-column-is-layout-flow\" style=\"flex-basis:66.66%\">\n<p><strong><strong>Dodatkowe informacje oraz kontakt w sprawie adopcji<\/strong>: Roxana (tel. 692 524 568), Julia (tel. 795 199 431)<\/strong><\/p>\n<\/div>\n<\/div>\n\n\n\n<div class=\"wp-block-columns is-layout-flex wp-container-core-columns-is-layout-9d6595d7 wp-block-columns-is-layout-flex\">\n<div class=\"wp-block-column is-layout-flow wp-block-column-is-layout-flow\" style=\"flex-basis:33.33%\"><style>.kt-svg-icons_335e14-00 .kt-svg-item-0 .kb-svg-icon-wrap{color:var(--nv-secondary-accent);font-size:50px;}.wp-block-kadence-icon.kt-svg-icons_335e14-00{justify-content:center;}<\/style>\n<div class=\"wp-block-kadence-icon kt-svg-icons kt-svg-icons_335e14-00 alignnone\" style=\"text-align:center\"><div class=\"kt-svg-style-default kt-svg-icon-wrap kt-svg-item-0\"><div style=\"display:inline-flex;justify-content:center;align-items:center;color:var(--nv-secondary-accent)\" class=\"kt-svg-icon kt-svg-icon-fas_question\"><svg style=\"display:inline-block;vertical-align:middle\" viewBox=\"0 0 384 512\" height=\"50\" width=\"50\" fill=\"currentColor\" xmlns=\"http:\/\/www.w3.org\/2000\/svg\" aria-hidden=\"true\"><path d=\"M202.021 0C122.202 0 70.503 32.703 29.914 91.026c-7.363 10.58-5.093 25.086 5.178 32.874l43.138 32.709c10.373 7.865 25.132 6.026 33.253-4.148 25.049-31.381 43.63-49.449 82.757-49.449 30.764 0 68.816 19.799 68.816 49.631 0 22.552-18.617 34.134-48.993 51.164-35.423 19.86-82.299 44.576-82.299 106.405V320c0 13.255 10.745 24 24 24h72.471c13.255 0 24-10.745 24-24v-5.773c0-42.86 125.268-44.645 125.268-160.627C377.504 66.256 286.902 0 202.021 0zM192 373.459c-38.196 0-69.271 31.075-69.271 69.271 0 38.195 31.075 69.27 69.271 69.27s69.271-31.075 69.271-69.271-31.075-69.27-69.271-69.27z\"><\/path><\/svg><\/div><\/div><\/div>\n<\/div>\n\n\n\n<div class=\"wp-block-column is-layout-flow wp-block-column-is-layout-flow\" style=\"flex-basis:66.66%\">\n<p><strong>Wirtualn\u0105 Psi-jaci\u00f3\u0142k\u0105 Aslana jest Ilona Balcerska.<\/strong><\/p>\n<\/div>\n<\/div>\n\n\n\n<hr class=\"wp-block-separator has-alpha-channel-opacity\"\/>\n\n\n\n<figure class=\"wp-block-gallery has-nested-images columns-default is-cropped wp-block-gallery-1 is-layout-flex wp-block-gallery-is-layout-flex\">\n<figure class=\"wp-block-image size-large\"><img loading=\"lazy\" decoding=\"async\" width=\"1024\" height=\"683\" data-id=\"3234\" src=\"https:\/\/psi-jaciel.pl\/wp-content\/uploads\/2021\/01\/DSC_0680-1024x683.jpg\" alt=\"\" class=\"wp-image-3234\" srcset=\"https:\/\/psi-jaciel.pl\/wp-content\/uploads\/2021\/01\/DSC_0680-1024x683.jpg 1024w, https:\/\/psi-jaciel.pl\/wp-content\/uploads\/2021\/01\/DSC_0680-300x200.jpg 300w, https:\/\/psi-jaciel.pl\/wp-content\/uploads\/2021\/01\/DSC_0680-768x512.jpg 768w, https:\/\/psi-jaciel.pl\/wp-content\/uploads\/2021\/01\/DSC_0680-1536x1024.jpg 1536w, https:\/\/psi-jaciel.pl\/wp-content\/uploads\/2021\/01\/DSC_0680.jpg 1620w\" sizes=\"auto, (max-width: 1024px) 100vw, 1024px\" \/><\/figure>\n\n\n\n<figure class=\"wp-block-image size-large\"><img loading=\"lazy\" decoding=\"async\" width=\"683\" height=\"1024\" data-id=\"3232\" src=\"https:\/\/psi-jaciel.pl\/wp-content\/uploads\/2021\/01\/DSC_0672-683x1024.jpg\" alt=\"\" class=\"wp-image-3232\" srcset=\"https:\/\/psi-jaciel.pl\/wp-content\/uploads\/2021\/01\/DSC_0672-683x1024.jpg 683w, https:\/\/psi-jaciel.pl\/wp-content\/uploads\/2021\/01\/DSC_0672-200x300.jpg 200w, https:\/\/psi-jaciel.pl\/wp-content\/uploads\/2021\/01\/DSC_0672.jpg 720w\" sizes=\"auto, (max-width: 683px) 100vw, 683px\" \/><\/figure>\n\n\n\n<figure class=\"wp-block-image size-large\"><img loading=\"lazy\" decoding=\"async\" width=\"679\" height=\"1024\" data-id=\"3229\" src=\"https:\/\/psi-jaciel.pl\/wp-content\/uploads\/2021\/01\/DSC_0667-1-e1610474267709-679x1024.jpg\" alt=\"\" class=\"wp-image-3229\" srcset=\"https:\/\/psi-jaciel.pl\/wp-content\/uploads\/2021\/01\/DSC_0667-1-e1610474267709-679x1024.jpg 679w, https:\/\/psi-jaciel.pl\/wp-content\/uploads\/2021\/01\/DSC_0667-1-e1610474267709-199x300.jpg 199w, https:\/\/psi-jaciel.pl\/wp-content\/uploads\/2021\/01\/DSC_0667-1-e1610474267709.jpg 716w\" sizes=\"auto, (max-width: 679px) 100vw, 679px\" \/><\/figure>\n\n\n\n<figure class=\"wp-block-image size-large\"><img loading=\"lazy\" decoding=\"async\" width=\"1024\" height=\"683\" data-id=\"3226\" src=\"https:\/\/psi-jaciel.pl\/wp-content\/uploads\/2021\/01\/DSC_0656-1024x683.jpg\" alt=\"\" class=\"wp-image-3226\" srcset=\"https:\/\/psi-jaciel.pl\/wp-content\/uploads\/2021\/01\/DSC_0656-1024x683.jpg 1024w, https:\/\/psi-jaciel.pl\/wp-content\/uploads\/2021\/01\/DSC_0656-300x200.jpg 300w, https:\/\/psi-jaciel.pl\/wp-content\/uploads\/2021\/01\/DSC_0656-768x512.jpg 768w, https:\/\/psi-jaciel.pl\/wp-content\/uploads\/2021\/01\/DSC_0656-1536x1024.jpg 1536w, https:\/\/psi-jaciel.pl\/wp-content\/uploads\/2021\/01\/DSC_0656.jpg 1620w\" sizes=\"auto, (max-width: 1024px) 100vw, 1024px\" \/><\/figure>\n\n\n\n<figure class=\"wp-block-image size-large\"><img loading=\"lazy\" decoding=\"async\" width=\"683\" height=\"1024\" data-id=\"3225\" src=\"https:\/\/psi-jaciel.pl\/wp-content\/uploads\/2021\/01\/DSC_0633-683x1024.jpg\" alt=\"\" class=\"wp-image-3225\" srcset=\"https:\/\/psi-jaciel.pl\/wp-content\/uploads\/2021\/01\/DSC_0633-683x1024.jpg 683w, https:\/\/psi-jaciel.pl\/wp-content\/uploads\/2021\/01\/DSC_0633-200x300.jpg 200w, https:\/\/psi-jaciel.pl\/wp-content\/uploads\/2021\/01\/DSC_0633.jpg 720w\" sizes=\"auto, (max-width: 683px) 100vw, 683px\" \/><\/figure>\n<\/figure>\n\n\n\n<hr class=\"wp-block-separator has-alpha-channel-opacity\"\/>\n\n\n\n<h2 class=\"has-text-align-center wp-block-heading\">Daj si\u0119 pozna\u0107 Aslanowi, a nie po\u017ca\u0142ujesz..<\/h2>\n\n\n\n<p>Aslan&nbsp;<img loading=\"lazy\" decoding=\"async\" src=\"https:\/\/static.xx.fbcdn.net\/images\/emoji.php\/v9\/t6c\/1\/16\/2764.png\" alt=\"\u2764\" width=\"16\" height=\"16\">&nbsp;\u2013 przepi\u0119kny, d\u0142ugow\u0142osy owczarek, na kt\u00f3rego wystarczy spojrze\u0107 raz, by si\u0119 zakocha\u0107.<\/p>\n\n\n\n<p>Aslan do schroniska trafi\u0142 w pa\u017adzierniku zesz\u0142ego roku. Znaleziony zosta\u0142 w Psarach Ma\u0142ych, niestety nikt go nie szuka\u0142.<img loading=\"lazy\" decoding=\"async\" src=\"https:\/\/static.xx.fbcdn.net\/images\/emoji.php\/v9\/t22\/1\/16\/1f61e.png\" alt=\"\ud83d\ude1e\" width=\"16\" height=\"16\">&nbsp;Z pocz\u0105tku nie przywita\u0142 nas zbyt dobrze. Schronisko wywo\u0142ywa\u0142o w nim taki stres, \u017ce na ka\u017cd\u0105 osob\u0119 szczerzy\u0142 z\u0119by. Na szcz\u0119\u015bcie ch\u0142opak jest \u0142asy na smaczki<img loading=\"lazy\" decoding=\"async\" src=\"https:\/\/static.xx.fbcdn.net\/images\/emoji.php\/v9\/tad\/1\/16\/1f357.png\" alt=\"\ud83c\udf57\" width=\"16\" height=\"16\">&nbsp;i szybko da\u0142 si\u0119 przekupi\u0107. Mimo tego ze wzgl\u0119du na sw\u00f3j charakter, nie jest to psiak nadaj\u0105cy si\u0119 dla ka\u017cdego.<\/p>\n\n\n\n<p>Aslan jest psem, kt\u00f3ry nie ka\u017cd\u0105 osob\u0119 od pocz\u0105tku jest w stanie zaakceptowa\u0107. Jest wierny i oddany<img loading=\"lazy\" decoding=\"async\" src=\"https:\/\/static.xx.fbcdn.net\/images\/emoji.php\/v9\/tce\/1\/16\/1f600.png\" alt=\"\ud83d\ude00\" width=\"16\" height=\"16\">&nbsp;przede wszystkim swoim opiekunom i osobom, kt\u00f3re ju\u017c zna, ale z biegiem czasu,<img loading=\"lazy\" decoding=\"async\" src=\"https:\/\/static.xx.fbcdn.net\/images\/emoji.php\/v9\/tda\/1\/16\/1f55b.png\" alt=\"\ud83d\udd5b\" width=\"16\" height=\"16\">&nbsp;cierpliwo\u015bci i ci\u0119\u017ckiej pracy powoli przekonuje si\u0119 do coraz wi\u0119kszej ilo\u015bci os\u00f3b, dlatego te\u017c nie nale\u017cy przekre\u015bla\u0107 go przy pierwszym spotkaniu. Gdy ju\u017c kogo\u015b pozna, potrafi by\u0107 ogromnym miziakiem, uwielbiaj\u0105cym drapanie po dupce i pieszczoty.<img loading=\"lazy\" decoding=\"async\" src=\"https:\/\/static.xx.fbcdn.net\/images\/emoji.php\/v9\/tea\/1\/16\/1f970.png\" alt=\"\ud83e\udd70\" width=\"16\" height=\"16\">&nbsp;Warto r\u00f3wnie\u017c wspomnie\u0107, \u017ce jest to pies dosy\u0107 terytorialny, przez co zdarza si\u0119, \u017ce zachowuje si\u0119 inaczej w swoim kojcu ni\u017c poza nim. Aslana na pewno nie polecamy jako towarzysza dla rodziny z ma\u0142ymi dzie\u0107mi.<img loading=\"lazy\" decoding=\"async\" src=\"https:\/\/static.xx.fbcdn.net\/images\/emoji.php\/v9\/t1c\/1\/16\/1f468_200d_1f469_200d_1f467_200d_1f467.png\" alt=\"\ud83d\udc68\u200d\ud83d\udc69\u200d\ud83d\udc67\u200d\ud83d\udc67\" width=\"16\" height=\"16\"><\/p>\n\n\n\n<p>Aslan w towarzystwie ludzi, kt\u00f3rym ufa, jest naprawd\u0119 kochanym psem o wielkim sercu.<img loading=\"lazy\" decoding=\"async\" src=\"https:\/\/static.xx.fbcdn.net\/images\/emoji.php\/v9\/t6c\/1\/16\/2764.png\" alt=\"\u2764\" width=\"16\" height=\"16\">&nbsp;Uwielbia g\u0142askanie oraz d\u0142ugie spacery po lesie. Na pewno w nowym domu by\u0142by \u015bwietnym towarzyszem do d\u0142ugich w\u0119dr\u00f3wek. Na spacerach \u0142adnie chodzi na smyczy, nie ci\u0105gnie.<img loading=\"lazy\" decoding=\"async\" src=\"https:\/\/static.xx.fbcdn.net\/images\/emoji.php\/v9\/t7f\/1\/16\/1f60a.png\" alt=\"\ud83d\ude0a\" width=\"16\" height=\"16\">&nbsp;Nie nale\u017cy on tak\u017ce do ps\u00f3w, kt\u00f3re niszcz\u0105 wszystko co napotkaj\u0105 na swojej drodze, tak\u017ce mo\u017cna by\u0107 raczej spokojnym o przedmioty codziennego u\u017cytku.<\/p>\n\n\n\n<p>Jaki jeszcze jest nasz pi\u0119kny owczarek?<img loading=\"lazy\" decoding=\"async\" src=\"https:\/\/static.xx.fbcdn.net\/images\/emoji.php\/v9\/t34\/1\/16\/1f914.png\" alt=\"\ud83e\udd14\" width=\"16\" height=\"16\">&nbsp;Niestety raczej nieakceptuj\u0105cy innych ps\u00f3w. Na spacerach zdarza mu si\u0119 wi\u0119kszo\u015b\u0107 obszczekiwa\u0107. Przy bli\u017cszym i kilkukrotnym zapoznaniu z innym, pr\u00f3bowa\u0142 go ugry\u017a\u0107, wi\u0119c s\u0105dzimy \u017ce najlepszy by\u0142by dla niego dom, w kt\u00f3rym by\u0142by jedynym zwierz\u0119ciem.<img loading=\"lazy\" decoding=\"async\" src=\"https:\/\/static.xx.fbcdn.net\/images\/emoji.php\/v9\/t2f\/1\/16\/1f436.png\" alt=\"\ud83d\udc36\" width=\"16\" height=\"16\"><\/p>\n\n\n\n<p>Aslan jest psem maj\u0105cym ok. 5-6 lat. Raczej nie przepada za gumowymi pi\u0142eczkami oraz pluszakami. Oczywi\u015bcie nie oznacza to, \u017ce stroni od zabawy.<img loading=\"lazy\" decoding=\"async\" src=\"https:\/\/static.xx.fbcdn.net\/images\/emoji.php\/v9\/t7f\/1\/16\/1f60a.png\" alt=\"\ud83d\ude0a\" width=\"16\" height=\"16\">&nbsp;Przyjemno\u015b\u0107 sprawia mu przede wszystkim bieganie,<img loading=\"lazy\" decoding=\"async\" src=\"https:\/\/static.xx.fbcdn.net\/images\/emoji.php\/v9\/t26\/1\/16\/1f938_200d_2642.png\" alt=\"\ud83e\udd38\u200d\u2642\ufe0f\" width=\"16\" height=\"16\">&nbsp;dlatego z pewno\u015bci\u0105 pokocha\u0142by dom z ogrodem czy innym miejscem w kt\u00f3rym mia\u0142by du\u017co przestrzeni. Odpowiednim w\u0142a\u015bcicielem dla Aslana b\u0119dzie osoba konsekwentna, kt\u00f3ra nie oceni go tylko na podstawie wygl\u0105du,<img loading=\"lazy\" decoding=\"async\" src=\"https:\/\/static.xx.fbcdn.net\/images\/emoji.php\/v9\/td0\/1\/16\/1f448.png\" alt=\"\ud83d\udc48\" width=\"16\" height=\"16\">&nbsp;ale obdarzy go mi\u0142o\u015bci\u0105 i umo\u017cliwi mu dalszy rozw\u00f3j. Wiemy, \u017ce gdy Aslan trafi na odpowiedni\u0105 rodzin\u0119, to zyska ona cudownego, wiernego przyjaciela.<img loading=\"lazy\" decoding=\"async\" src=\"https:\/\/static.xx.fbcdn.net\/images\/emoji.php\/v9\/t2\/1\/16\/1f60d.png\" alt=\"\ud83d\ude0d\" width=\"16\" height=\"16\">&nbsp;Zapewniamy, \u017ce jak ten psiak ju\u017c kogo\u015b pokocha, to b\u0119dzie to mi\u0142o\u015b\u0107 na ca\u0142e \u017cycie.<img loading=\"lazy\" decoding=\"async\" src=\"https:\/\/static.xx.fbcdn.net\/images\/emoji.php\/v9\/t6c\/1\/16\/2764.png\" alt=\"\u2764\" width=\"16\" height=\"16\"><\/p>\n\n\n\n<p class=\"has-text-align-center\">Warunkiem adopcji jest wype\u0142nienie ankiety przedadopcyjnej oraz wizyta przedadopcyjna!<\/p>\n","protected":false},"excerpt":{"rendered":"<p>Aslan Owczarek niemiecki d\u0142ugow\u0142osy z temperamentem.. Data przyj\u0119cia do schroniska: 14-10-2020Wiek okre\u015blony (w przybli\u017ceniu) w dniu przyj\u0119cia: 4 lataStosunek do ludzi: r\u00f3\u017cnyStosunek do innych ps\u00f3w: negatywnyOpiekunk\u0105 Aslana&nbsp; jest Roxana Jurkiewicz. Dodatkowe informacje oraz kontakt w sprawie adopcji: Roxana (tel. 692 524 568), Julia (tel. 795 199 431) Wirtualn\u0105 Psi-jaci\u00f3\u0142k\u0105 Aslana jest Ilona Balcerska. Daj si\u0119&hellip;&nbsp;<a href=\"https:\/\/psi-jaciel.pl\/index.php\/2021\/04\/02\/aslan\/\" rel=\"bookmark\">Dowiedz si\u0119 wi\u0119cej &raquo;<span class=\"screen-reader-text\">Aslan<\/span><\/a><\/p>\n","protected":false},"author":1,"featured_media":4183,"comment_status":"closed","ping_status":"open","sticky":false,"template":"","format":"standard","meta":{"_acf_changed":false,"neve_meta_sidebar":"","neve_meta_container":"","neve_meta_enable_content_width":"","neve_meta_content_width":0,"neve_meta_title_alignment":"","neve_meta_author_avatar":"","neve_post_elements_order":"[\"content\"]","neve_meta_disable_header":"","neve_meta_disable_footer":"","neve_meta_disable_title":"","footnotes":""},"categories":[6,12],"tags":[],"class_list":["post-3566","post","type-post","status-publish","format-standard","has-post-thumbnail","hentry","category-psy","category-za-teczowym-mostem"],"acf":[],"_links":{"self":[{"href":"https:\/\/psi-jaciel.pl\/index.php\/wp-json\/wp\/v2\/posts\/3566","targetHints":{"allow":["GET"]}}],"collection":[{"href":"https:\/\/psi-jaciel.pl\/index.php\/wp-json\/wp\/v2\/posts"}],"about":[{"href":"https:\/\/psi-jaciel.pl\/index.php\/wp-json\/wp\/v2\/types\/post"}],"author":[{"embeddable":true,"href":"https:\/\/psi-jaciel.pl\/index.php\/wp-json\/wp\/v2\/users\/1"}],"replies":[{"embeddable":true,"href":"https:\/\/psi-jaciel.pl\/index.php\/wp-json\/wp\/v2\/comments?post=3566"}],"version-history":[{"count":4,"href":"https:\/\/psi-jaciel.pl\/index.php\/wp-json\/wp\/v2\/posts\/3566\/revisions"}],"predecessor-version":[{"id":10753,"href":"https:\/\/psi-jaciel.pl\/index.php\/wp-json\/wp\/v2\/posts\/3566\/revisions\/10753"}],"wp:featuredmedia":[{"embeddable":true,"href":"https:\/\/psi-jaciel.pl\/index.php\/wp-json\/wp\/v2\/media\/4183"}],"wp:attachment":[{"href":"https:\/\/psi-jaciel.pl\/index.php\/wp-json\/wp\/v2\/media?parent=3566"}],"wp:term":[{"taxonomy":"category","embeddable":true,"href":"https:\/\/psi-jaciel.pl\/index.php\/wp-json\/wp\/v2\/categories?post=3566"},{"taxonomy":"post_tag","embeddable":true,"href":"https:\/\/psi-jaciel.pl\/index.php\/wp-json\/wp\/v2\/tags?post=3566"}],"curies":[{"name":"wp","href":"https:\/\/api.w.org\/{rel}","templated":true}]}}