{"id":2854,"date":"2020-06-11T13:34:00","date_gmt":"2020-06-11T11:34:00","guid":{"rendered":"https:\/\/psi-jaciel.pl\/?p=2854"},"modified":"2025-03-08T21:16:37","modified_gmt":"2025-03-08T19:16:37","slug":"paco","status":"publish","type":"post","link":"https:\/\/psi-jaciel.pl\/index.php\/2020\/06\/11\/paco\/","title":{"rendered":"Paco"},"content":{"rendered":"\n<h2 class=\"has-text-align-center wp-block-heading\">Paco<\/h2>\n\n\n\n<p class=\"has-text-align-center\">W poszukiwaniu szcz\u0119\u015bcia\u2026<\/p>\n\n\n\n<p><\/p>\n\n\n\n<hr class=\"wp-block-separator has-alpha-channel-opacity\"\/>\n\n\n\n<p class=\"has-text-align-center\">Data przyj\u0119cia do schroniska:<strong>&nbsp;01-06-2020<\/strong><br>Wiek okre\u015blony (w przybli\u017ceniu) w dniu przyj\u0119cia:&nbsp;<strong>8 m-cy<br><\/strong>Stosunek do ludzi:&nbsp;<strong>pozytywny<\/strong><br>Stosunek do innych ps\u00f3w:&nbsp;<strong>negatywny<\/strong><\/p>\n\n\n\n<p class=\"has-text-align-center\">Opiekun:&nbsp;<strong>Paco trafi\u0142 pod opiek\u0119 fundacji TTB Pozna\u0144<\/strong><\/p>\n\n\n\n<hr class=\"wp-block-separator has-alpha-channel-opacity\"\/>\n\n\n\n<div class=\"wp-block-columns is-layout-flex wp-container-core-columns-is-layout-9d6595d7 wp-block-columns-is-layout-flex\">\n<div class=\"wp-block-column is-layout-flow wp-block-column-is-layout-flow\" style=\"flex-basis:33.33%\"><style>.kt-svg-icons_b809ef-cc .kt-svg-item-0 .kb-svg-icon-wrap{color:var(--nv-secondary-accent);font-size:50px;}.wp-block-kadence-icon.kt-svg-icons_b809ef-cc{justify-content:center;}<\/style>\n<div class=\"wp-block-kadence-icon kt-svg-icons kt-svg-icons_b809ef-cc alignnone\" style=\"text-align:center\"><div class=\"kt-svg-style-default kt-svg-icon-wrap kt-svg-item-0\"><div style=\"display:inline-flex;justify-content:center;align-items:center;color:var(--nv-secondary-accent)\" class=\"kt-svg-icon kt-svg-icon-ic_person\"><svg style=\"display:inline-block;vertical-align:middle\" viewBox=\"0 0 8 8\" height=\"50\" width=\"50\" fill=\"currentColor\" xmlns=\"http:\/\/www.w3.org\/2000\/svg\" aria-hidden=\"true\"><path d=\"M4 0c-1.1 0-2 1.12-2 2.5s.9 2.5 2 2.5 2-1.12 2-2.5-.9-2.5-2-2.5zm-2.09 5c-1.06.05-1.91.92-1.91 2v1h8v-1c0-1.08-.84-1.95-1.91-2-.54.61-1.28 1-2.09 1-.81 0-1.55-.39-2.09-1z\"><\/path><\/svg><\/div><\/div><\/div>\n<\/div>\n\n\n\n<div class=\"wp-block-column is-layout-flow wp-block-column-is-layout-flow\" style=\"flex-basis:66.66%\">\n<p><strong>Kontakt w sprawie adopcji:\u00a0<strong>Karolina\u00a0<\/strong>(tel. 669 809 565),\u00a0<strong>Magdalena\u00a0<\/strong>(tel. 785 532 837)<\/strong><\/p>\n<\/div>\n<\/div>\n\n\n\n<div class=\"wp-block-columns is-layout-flex wp-container-core-columns-is-layout-9d6595d7 wp-block-columns-is-layout-flex\">\n<div class=\"wp-block-column is-layout-flow wp-block-column-is-layout-flow\" style=\"flex-basis:33.33%\"><style>.kt-svg-icons_335e14-00 .kt-svg-item-0 .kb-svg-icon-wrap{color:var(--nv-secondary-accent);font-size:50px;}.wp-block-kadence-icon.kt-svg-icons_335e14-00{justify-content:center;}<\/style>\n<div class=\"wp-block-kadence-icon kt-svg-icons kt-svg-icons_335e14-00 alignnone\" style=\"text-align:center\"><div class=\"kt-svg-style-default kt-svg-icon-wrap kt-svg-item-0\"><div style=\"display:inline-flex;justify-content:center;align-items:center;color:var(--nv-secondary-accent)\" class=\"kt-svg-icon kt-svg-icon-fas_question\"><svg style=\"display:inline-block;vertical-align:middle\" viewBox=\"0 0 384 512\" height=\"50\" width=\"50\" fill=\"currentColor\" xmlns=\"http:\/\/www.w3.org\/2000\/svg\" aria-hidden=\"true\"><path d=\"M202.021 0C122.202 0 70.503 32.703 29.914 91.026c-7.363 10.58-5.093 25.086 5.178 32.874l43.138 32.709c10.373 7.865 25.132 6.026 33.253-4.148 25.049-31.381 43.63-49.449 82.757-49.449 30.764 0 68.816 19.799 68.816 49.631 0 22.552-18.617 34.134-48.993 51.164-35.423 19.86-82.299 44.576-82.299 106.405V320c0 13.255 10.745 24 24 24h72.471c13.255 0 24-10.745 24-24v-5.773c0-42.86 125.268-44.645 125.268-160.627C377.504 66.256 286.902 0 202.021 0zM192 373.459c-38.196 0-69.271 31.075-69.271 69.271 0 38.195 31.075 69.27 69.271 69.27s69.271-31.075 69.271-69.271-31.075-69.27-69.271-69.27z\"><\/path><\/svg><\/div><\/div><\/div>\n<\/div>\n\n\n\n<div class=\"wp-block-column is-layout-flow wp-block-column-is-layout-flow\" style=\"flex-basis:66.66%\">\n<p><strong>Paco niestety nie ma wirtualnego opiekuna. Kliknij\u00a0<a href=\"https:\/\/psi-jaciel.pl\/psi-garnij-wirtualnie\/\"><strong>tutaj<\/strong><\/a>, je\u017celi chcesz mu pom\u00f3c.<\/strong><\/p>\n<\/div>\n<\/div>\n\n\n\n<hr class=\"wp-block-separator has-alpha-channel-opacity\"\/>\n\n\n\n<h2 class=\"has-text-align-center wp-block-heading\">Paco &#8211; zagubiony dzieciak z ut\u0119sknieniem wypatruje odpowiedzialnego cz\u0142owieka<\/h2>\n\n\n\n<p class=\"has-text-align-center has-neve-link-hover-color-color has-text-color\"><strong>Adopcja mo\u017cliwa tylko dla os\u00f3b do\u015bwiadczonych i\/lub przy wsp\u00f3\u0142pracy z behawioryst\u0105!<\/strong><\/p>\n\n\n\n<p>1 czerwca p\u00f3\u017anym popo\u0142udniem do schroniska trafi\u0142 niespe\u0142na 9-miesi\u0119czny pitbull red nose \u2013 Paco. Ch\u0142opak zosta\u0142 oddany z powodu problem\u00f3w jakie sprawia\u0142.&nbsp;<\/p>\n\n\n\n<p>Ch\u0142opak do tej pory nie mia\u0142 \u0142atwego \u017cycia. Urodzi\u0142 si\u0119 w pseudohodowli. Sk\u0105d o tym wiemy? Wraz z Paco do schroniska trafi\u0142y wszystkie jego dokumenty, na kt\u00f3rych czarno na bia\u0142ym jest napisana nazwa \u201estowarzyszenia\u201d, z kt\u00f3rego pochodzi. Niestety ta sama nazwa widnieje na czarnej li\u015bcie pseudohodowli\u2026<\/p>\n\n\n\n<p>Paco to urodzony pitbull, a wi\u0119c od pierwszych tygodni \u017cycia powinien trafi\u0107 do \u015bwiadomych opiekun\u00f3w. Tak jednak si\u0119 nie sta\u0142o. Zamieszka\u0142 z osob\u0105, kt\u00f3ra kompletnie nie poradzi\u0142a sobie z jego wychowaniem, wi\u0119c postanowi\u0142a go \u201eprzekaza\u0107 dalej\u201d, jak si\u0119 okaza\u0142o \u2013 z deszczu pod rynn\u0119. Mimo stara\u0144 ostatnich opiekun\u00f3w Paco, ci r\u00f3wnie\u017c polegli w jego wychowaniu i tym sposobem ch\u0142opak trafi\u0142 do nas.<\/p>\n\n\n\n<p>Wi\u0119c w czym tak naprawd\u0119 tkwi problem? Paco przeskakuje ka\u017cde ogrodzenie, atakuje rowerzyst\u00f3w. Na pierwszy rzut oka wida\u0107, \u017ce jest psem l\u0119kliwym o zniszczonej psychice. Mo\u017cliwe, \u017ce po prostu boi si\u0119 rower\u00f3w i wystarczy nad tym z nim pracowa\u0107, ale mo\u017cliwe te\u017c, \u017ce problem tkwi g\u0142\u0119biej. Domy\u015blamy si\u0119 te\u017c, \u017ce ma silnie wykszta\u0142cony instynkt \u0142owiecki.<\/p>\n\n\n\n<p>U pierwszej w\u0142a\u015bcicielki mieszka\u0142 w bloku, natomiast ostatnie p\u00f3\u0142tora tygodnia u drugich opiekun\u00f3w mia\u0142 do dyspozycji du\u017cy ogr\u00f3d i pomieszczenie gospodarcze. Paco ma l\u0119k separacyjny. W przypadku jego problem\u00f3w wskazane jest wprowadzenie klatki kennelowej, kt\u00f3ra b\u0119dzie jego azylem, gdzie poczuje si\u0119 bezpiecznie.<\/p>\n\n\n\n<p>Z informacji przekazanych przez opiekun\u00f3w wiemy, \u017ce Paco nie akceptuje innych ps\u00f3w (potwierdzona informacja \u2013 bardzo si\u0119 nakr\u0119ca, jak widzi psa), z kotami natomiast doskonale si\u0119 rozumie (nie gwarantujemy, \u017ce to prawda). Mia\u0142 kontakt z 8-letnim dzieckiem, z kt\u00f3rym \u015bwietnie si\u0119 bawi\u0142, lecz jedn\u0105 z os\u00f3b, kt\u00f3re \u201epogoni\u0142\u201d, gdy jecha\u0142y na rowerze, by\u0142o w\u0142a\u015bnie dziecko. W bezpo\u015brednich kontaktach z cz\u0142owiekiem nie wykazuje \u017cadnej agresji. W spokojnym otoczeniu \u0142adnie chodzi na smyczy.<\/p>\n\n\n\n<p>Szukamy domu tymczasowego, kt\u00f3ry docelowo mo\u017ce zosta\u0107 domem sta\u0142ym. Znaj\u0105cego ras\u0119 i nastawionego na prac\u0119 z psem. Wiemy, \u017ce Paco to pi\u0119kny, \u201erasowy\u201d pies, po kt\u00f3rego mog\u0142yby si\u0119 ustawia\u0107 kolejki ch\u0119tnych. Prosimy jednak mie\u0107 na uwadze fakt, \u017ce to trudny, problemowy pies, kt\u00f3rego trzeba nauczy\u0107 wiele rzeczy. Ze swojej strony s\u0142u\u017cymy pomoc\u0105, rad\u0105, kontaktem do sprawdzonego szkoleniowca.<\/p>\n\n\n\n<p class=\"has-text-align-center\">Warunkiem adopcji jest wype\u0142nienie ankiety przedadopcyjnej oraz wizyta przedadopcyjna!<\/p>\n","protected":false},"excerpt":{"rendered":"<p>Data adopcji: 11-06-2020<\/p>\n","protected":false},"author":1,"featured_media":0,"comment_status":"closed","ping_status":"open","sticky":false,"template":"template-parts\/dog-template.php","format":"standard","meta":{"_acf_changed":false,"neve_meta_sidebar":"","neve_meta_container":"","neve_meta_enable_content_width":"","neve_meta_content_width":0,"neve_meta_title_alignment":"","neve_meta_author_avatar":"","neve_post_elements_order":"[\"content\"]","neve_meta_disable_header":"","neve_meta_disable_footer":"","neve_meta_disable_title":"","footnotes":""},"categories":[6,4],"tags":[],"class_list":["post-2854","post","type-post","status-publish","format-standard","hentry","category-psy","category-znalazly-dom"],"acf":[],"_links":{"self":[{"href":"https:\/\/psi-jaciel.pl\/index.php\/wp-json\/wp\/v2\/posts\/2854","targetHints":{"allow":["GET"]}}],"collection":[{"href":"https:\/\/psi-jaciel.pl\/index.php\/wp-json\/wp\/v2\/posts"}],"about":[{"href":"https:\/\/psi-jaciel.pl\/index.php\/wp-json\/wp\/v2\/types\/post"}],"author":[{"embeddable":true,"href":"https:\/\/psi-jaciel.pl\/index.php\/wp-json\/wp\/v2\/users\/1"}],"replies":[{"embeddable":true,"href":"https:\/\/psi-jaciel.pl\/index.php\/wp-json\/wp\/v2\/comments?post=2854"}],"version-history":[{"count":2,"href":"https:\/\/psi-jaciel.pl\/index.php\/wp-json\/wp\/v2\/posts\/2854\/revisions"}],"predecessor-version":[{"id":11559,"href":"https:\/\/psi-jaciel.pl\/index.php\/wp-json\/wp\/v2\/posts\/2854\/revisions\/11559"}],"wp:attachment":[{"href":"https:\/\/psi-jaciel.pl\/index.php\/wp-json\/wp\/v2\/media?parent=2854"}],"wp:term":[{"taxonomy":"category","embeddable":true,"href":"https:\/\/psi-jaciel.pl\/index.php\/wp-json\/wp\/v2\/categories?post=2854"},{"taxonomy":"post_tag","embeddable":true,"href":"https:\/\/psi-jaciel.pl\/index.php\/wp-json\/wp\/v2\/tags?post=2854"}],"curies":[{"name":"wp","href":"https:\/\/api.w.org\/{rel}","templated":true}]}}