{"id":1261,"date":"2019-09-27T01:41:33","date_gmt":"2019-09-26T23:41:33","guid":{"rendered":"https:\/\/psi-jaciel.pl\/?p=1261"},"modified":"2025-03-08T21:45:31","modified_gmt":"2025-03-08T19:45:31","slug":"ralf","status":"publish","type":"post","link":"https:\/\/psi-jaciel.pl\/index.php\/2019\/09\/27\/ralf\/","title":{"rendered":"Ralf"},"content":{"rendered":"\n<h2 class=\"has-text-align-center wp-block-heading\">Ralf<\/h2>\n\n\n\n<p class=\"has-text-align-center\"><\/p>\n\n\n\n<p><\/p>\n\n\n\n<hr class=\"wp-block-separator has-alpha-channel-opacity\"\/>\n\n\n\n<p class=\"has-text-align-center\">Data przyj\u0119cia do schroniska:<strong> 21-03-2016<\/strong><br>Wiek okre\u015blony (w przybli\u017ceniu) w dniu przyj\u0119cia: <strong>2 lata<br><\/strong>Stosunek do ludzi: <strong>pozytywny<\/strong><br>Stosunek do innych ps\u00f3w: <strong>raczej pozytywny<\/strong><br><\/p>\n\n\n\n<p>Opiekun: <strong>Ralf adoptowany!<\/strong><\/p>\n\n\n\n<hr class=\"wp-block-separator has-alpha-channel-opacity\"\/>\n\n\n\n<div class=\"wp-block-columns is-layout-flex wp-container-core-columns-is-layout-9d6595d7 wp-block-columns-is-layout-flex\">\n<div class=\"wp-block-column is-layout-flow wp-block-column-is-layout-flow\" style=\"flex-basis:33.33%\"><style>.kt-svg-icons_b809ef-cc .kt-svg-item-0 .kb-svg-icon-wrap{color:var(--nv-secondary-accent);font-size:50px;}.wp-block-kadence-icon.kt-svg-icons_b809ef-cc{justify-content:center;}<\/style>\n<div class=\"wp-block-kadence-icon kt-svg-icons kt-svg-icons_b809ef-cc alignnone\" style=\"text-align:center\"><div class=\"kt-svg-style-default kt-svg-icon-wrap kt-svg-item-0\"><div style=\"display:inline-flex;justify-content:center;align-items:center;color:var(--nv-secondary-accent)\" class=\"kt-svg-icon kt-svg-icon-ic_person\"><svg style=\"display:inline-block;vertical-align:middle\" viewBox=\"0 0 8 8\" height=\"50\" width=\"50\" fill=\"currentColor\" xmlns=\"http:\/\/www.w3.org\/2000\/svg\" aria-hidden=\"true\"><path d=\"M4 0c-1.1 0-2 1.12-2 2.5s.9 2.5 2 2.5 2-1.12 2-2.5-.9-2.5-2-2.5zm-2.09 5c-1.06.05-1.91.92-1.91 2v1h8v-1c0-1.08-.84-1.95-1.91-2-.54.61-1.28 1-2.09 1-.81 0-1.55-.39-2.09-1z\"><\/path><\/svg><\/div><\/div><\/div>\n<\/div>\n\n\n\n<div class=\"wp-block-column is-layout-flow wp-block-column-is-layout-flow\" style=\"flex-basis:66.66%\">\n<p><strong><strong><strong>Kontakt w sprawie adopcji: <strong>Ola <\/strong>(tel. 724 135 335), <strong>Benita <\/strong>(tel. 600 116 007)<\/strong><\/strong><\/strong><\/p>\n<\/div>\n<\/div>\n\n\n\n<div class=\"wp-block-columns is-layout-flex wp-container-core-columns-is-layout-9d6595d7 wp-block-columns-is-layout-flex\">\n<div class=\"wp-block-column is-layout-flow wp-block-column-is-layout-flow\" style=\"flex-basis:33.33%\"><style>.kt-svg-icons_0cd93e-b4 .kt-svg-item-0 .kb-svg-icon-wrap{color:var(--nv-secondary-accent);font-size:50px;}.wp-block-kadence-icon.kt-svg-icons_0cd93e-b4{justify-content:center;}<\/style>\n<div class=\"wp-block-kadence-icon kt-svg-icons kt-svg-icons_0cd93e-b4 alignnone\" style=\"text-align:center\"><div class=\"kt-svg-style-default kt-svg-icon-wrap kt-svg-item-0\"><div style=\"display:inline-flex;justify-content:center;align-items:center;color:var(--nv-secondary-accent)\" class=\"kt-svg-icon kt-svg-icon-fas_question\"><svg style=\"display:inline-block;vertical-align:middle\" viewBox=\"0 0 384 512\" height=\"50\" width=\"50\" fill=\"currentColor\" xmlns=\"http:\/\/www.w3.org\/2000\/svg\" aria-hidden=\"true\"><path d=\"M202.021 0C122.202 0 70.503 32.703 29.914 91.026c-7.363 10.58-5.093 25.086 5.178 32.874l43.138 32.709c10.373 7.865 25.132 6.026 33.253-4.148 25.049-31.381 43.63-49.449 82.757-49.449 30.764 0 68.816 19.799 68.816 49.631 0 22.552-18.617 34.134-48.993 51.164-35.423 19.86-82.299 44.576-82.299 106.405V320c0 13.255 10.745 24 24 24h72.471c13.255 0 24-10.745 24-24v-5.773c0-42.86 125.268-44.645 125.268-160.627C377.504 66.256 286.902 0 202.021 0zM192 373.459c-38.196 0-69.271 31.075-69.271 69.271 0 38.195 31.075 69.27 69.271 69.27s69.271-31.075 69.271-69.271-31.075-69.27-69.271-69.27z\"><\/path><\/svg><\/div><\/div><\/div>\n<\/div>\n\n\n\n<div class=\"wp-block-column is-layout-flow wp-block-column-is-layout-flow\" style=\"flex-basis:66.66%\">\n<p><strong>Ralf niestety nie ma wirtualnego opiekuna. Kliknij <a href=\"https:\/\/psi-jaciel.pl\/psi-garnij-wirtualnie\/\"><strong>tutaj<\/strong><\/a>, je\u017celi chcesz mu pom\u00f3c.<\/strong><\/p>\n<\/div>\n<\/div>\n\n\n\n<hr class=\"wp-block-separator has-alpha-channel-opacity\"\/>\n\n\n\n<figure class=\"wp-block-gallery has-nested-images columns-default is-cropped wp-block-gallery-1 is-layout-flex wp-block-gallery-is-layout-flex\">\n<figure class=\"wp-block-image size-large\"><img loading=\"lazy\" decoding=\"async\" width=\"683\" height=\"1024\" data-id=\"2157\" src=\"https:\/\/psi-jaciel.pl\/wp-content\/uploads\/2020\/05\/ralf-glowne-683x1024.jpg\" alt=\"\" class=\"wp-image-2157\" srcset=\"https:\/\/psi-jaciel.pl\/wp-content\/uploads\/2020\/05\/ralf-glowne-683x1024.jpg 683w, https:\/\/psi-jaciel.pl\/wp-content\/uploads\/2020\/05\/ralf-glowne-200x300.jpg 200w, https:\/\/psi-jaciel.pl\/wp-content\/uploads\/2020\/05\/ralf-glowne.jpg 720w\" sizes=\"auto, (max-width: 683px) 100vw, 683px\" \/><\/figure>\n\n\n\n<figure class=\"wp-block-image size-large\"><img loading=\"lazy\" decoding=\"async\" width=\"683\" height=\"1024\" data-id=\"1873\" src=\"https:\/\/psi-jaciel.pl\/wp-content\/uploads\/2020\/03\/ralf-5-683x1024.jpg\" alt=\"\" class=\"wp-image-1873\" srcset=\"https:\/\/psi-jaciel.pl\/wp-content\/uploads\/2020\/03\/ralf-5-683x1024.jpg 683w, https:\/\/psi-jaciel.pl\/wp-content\/uploads\/2020\/03\/ralf-5-200x300.jpg 200w, https:\/\/psi-jaciel.pl\/wp-content\/uploads\/2020\/03\/ralf-5.jpg 720w\" sizes=\"auto, (max-width: 683px) 100vw, 683px\" \/><\/figure>\n\n\n\n<figure class=\"wp-block-image size-large\"><img loading=\"lazy\" decoding=\"async\" width=\"1024\" height=\"683\" data-id=\"1872\" src=\"https:\/\/psi-jaciel.pl\/wp-content\/uploads\/2020\/03\/ralf-4-1024x683.jpg\" alt=\"\" class=\"wp-image-1872\" srcset=\"https:\/\/psi-jaciel.pl\/wp-content\/uploads\/2020\/03\/ralf-4-1024x683.jpg 1024w, https:\/\/psi-jaciel.pl\/wp-content\/uploads\/2020\/03\/ralf-4-300x200.jpg 300w, https:\/\/psi-jaciel.pl\/wp-content\/uploads\/2020\/03\/ralf-4-768x512.jpg 768w, https:\/\/psi-jaciel.pl\/wp-content\/uploads\/2020\/03\/ralf-4-1536x1024.jpg 1536w, https:\/\/psi-jaciel.pl\/wp-content\/uploads\/2020\/03\/ralf-4.jpg 1620w\" sizes=\"auto, (max-width: 1024px) 100vw, 1024px\" \/><\/figure>\n\n\n\n<figure class=\"wp-block-image size-large\"><img loading=\"lazy\" decoding=\"async\" width=\"683\" height=\"1024\" data-id=\"1871\" src=\"https:\/\/psi-jaciel.pl\/wp-content\/uploads\/2020\/03\/ralf-3-683x1024.jpg\" alt=\"\" class=\"wp-image-1871\" srcset=\"https:\/\/psi-jaciel.pl\/wp-content\/uploads\/2020\/03\/ralf-3-683x1024.jpg 683w, https:\/\/psi-jaciel.pl\/wp-content\/uploads\/2020\/03\/ralf-3-200x300.jpg 200w, https:\/\/psi-jaciel.pl\/wp-content\/uploads\/2020\/03\/ralf-3.jpg 720w\" sizes=\"auto, (max-width: 683px) 100vw, 683px\" \/><\/figure>\n\n\n\n<figure class=\"wp-block-image size-large\"><img loading=\"lazy\" decoding=\"async\" width=\"683\" height=\"1024\" data-id=\"1870\" src=\"https:\/\/psi-jaciel.pl\/wp-content\/uploads\/2020\/03\/ralf-2-683x1024.jpg\" alt=\"\" class=\"wp-image-1870\" srcset=\"https:\/\/psi-jaciel.pl\/wp-content\/uploads\/2020\/03\/ralf-2-683x1024.jpg 683w, https:\/\/psi-jaciel.pl\/wp-content\/uploads\/2020\/03\/ralf-2-200x300.jpg 200w, https:\/\/psi-jaciel.pl\/wp-content\/uploads\/2020\/03\/ralf-2.jpg 720w\" sizes=\"auto, (max-width: 683px) 100vw, 683px\" \/><\/figure>\n\n\n\n<figure class=\"wp-block-image size-large\"><img loading=\"lazy\" decoding=\"async\" width=\"1024\" height=\"683\" data-id=\"1869\" src=\"https:\/\/psi-jaciel.pl\/wp-content\/uploads\/2020\/03\/ralf-1-1024x683.jpg\" alt=\"\" class=\"wp-image-1869\" srcset=\"https:\/\/psi-jaciel.pl\/wp-content\/uploads\/2020\/03\/ralf-1-1024x683.jpg 1024w, https:\/\/psi-jaciel.pl\/wp-content\/uploads\/2020\/03\/ralf-1-300x200.jpg 300w, https:\/\/psi-jaciel.pl\/wp-content\/uploads\/2020\/03\/ralf-1-768x512.jpg 768w, https:\/\/psi-jaciel.pl\/wp-content\/uploads\/2020\/03\/ralf-1-1536x1024.jpg 1536w, https:\/\/psi-jaciel.pl\/wp-content\/uploads\/2020\/03\/ralf-1.jpg 1620w\" sizes=\"auto, (max-width: 1024px) 100vw, 1024px\" \/><\/figure>\n<\/figure>\n\n\n\n<hr class=\"wp-block-separator has-alpha-channel-opacity\"\/>\n\n\n\n<h2 class=\"has-text-align-center wp-block-heading\">Ralf &#8211; najcudowniejszy kundel w\u015br\u00f3d labrador\u00f3w, najpi\u0119kniejszy labrador w\u015br\u00f3d kundli<\/h2>\n\n\n\n<p>Niedawno wyadoptowali\u015bmy do super rodziny Arbuza, pi\u0119knego psiaka w typie labradora. Zainteresowanie tym przystojniakiem by\u0142o spore i nic dziwnego, ale nie o nim tu b\u0119dzie mowa.<\/p>\n\n\n\n<p>W innej cz\u0119\u015bci schroniska mieszka bowiem Ralf \u2013 starszy kolega Arbuza, r\u00f3wnie pi\u0119kny i przyjazny piesek. Dlaczego zatem Ralf od czterech lat czeka na dom w bidulu, podczas gdy Arbuz w ci\u0105gu miesi\u0105ca go znalaz\u0142? Mo\u017ce dlatego, \u017ce nie jest tak m\u0142ody jak jego kolega, bo ma prawdopodobnie 7 lat. Mo\u017ce dlatego, \u017ce w \u017cy\u0142ach tylko jednego z rodzic\u00f3w p\u0142yn\u0119\u0142a krew czystej rasy labradora, a Ralf jest owocem mezaliansu? A mo\u017ce po prostu dlatego, \u017ce przez te 4 lata roz\u0142\u0105ki z ukochanym cz\u0142owiekiem, po kilkukrotnym zawodzie, ju\u017c tak \u017cywio\u0142owo nie walczy o jego zainteresowanie?<\/p>\n\n\n\n<p>Wci\u0105\u017c mamy jednak ufno\u015b\u0107, \u017ce to si\u0119 zmieni, \u017ce jest jeszcze nadzieja na wspania\u0142y dom dla Ralfika. Dlaczego? Bo Ralf jest wyj\u0105tkowy i wierzymy, \u017ce kto\u015b wreszcie to dostrze\u017ce. Najtrudniej jest znale\u017a\u0107 dom pieskom starszym, chorym tudzie\u017c kalekim, agresywnym, czy te\u017c wykazuj\u0105cym inne problemy behawioralne, nie powalaj\u0105cym sw\u0105 urod\u0105, albo takim, kt\u00f3re maj\u0105 za sob\u0105 nieudan\u0105 adopcj\u0119. Czy do tej grupy mamy zaliczy\u0107 Ralfa? Czy Ralf potrzebuje cudu, by znale\u017a\u0107 dom? Naszym zdaniem nie, bo\u2026&nbsp;<\/p>\n\n\n\n<p>Po pierwsze Ralf to jeszcze nie staruszek, ale dojrza\u0142y d\u017centelmen. Uwielbia spacery, nawet bardzo d\u0142ugie i bezb\u0142\u0119dnie dotrzymuje kroku przewodnikowi. A gdyby mu jeszcze zagwarantowa\u0107 po drodze k\u0105piel w stawie, czy rzeczce, to b\u0119dzie mega, mega szcz\u0119\u015bliwy. W ko\u0144cu zami\u0142owanie do wody ma po swoich przodkach labkach, podobnie jak prawdopodobnie dozgonn\u0105, pozytywn\u0105 g\u0142upawk\u0119 i zami\u0142owanie do zabaw. Wprawdzie na spacer przy nodze, jak z psem policyjnym nie ma co liczy\u0107, ale nie trzeba te\u017c si\u0119 obawia\u0107, \u017ce r\u0119ce powyrywa. \u015awietnie odnajduje si\u0119 w ruchu ulicznym, co pozwala s\u0105dzi\u0107, \u017ce kiedy\u015b by\u0107 mo\u017ce towarzyszy\u0142 komu\u015b nie tylko w spacerach po polach i \u0142\u0105kach, ale tak\u017ce w mie\u015bcie.<\/p>\n\n\n\n<p>Po drugie, jak na sw\u00f3j wiek i warunki w jakich mieszka, Ralf jest w bardzo dobrej kondycji. Niedawno wykonane u Ralfa USG, nie wykaza\u0142o niczego niepokoj\u0105cego. Jedyne leki jakie ch\u0142opak przyjmuje codziennie to ArthroDol i ArthroFos, wspomagaj\u0105ce jego stawy. Dopad\u0142a je ju\u017c bowiem lekka dysplazja. To pocz\u0105tkowe stadium, wi\u0119c pami\u0119tajmy, \u017ce przy odpowiedniej diecie, codziennym ruchu i nocach sp\u0119dzanych w ciep\u0142ym legowisku, ich kondycja mo\u017ce ulec poprawie, a ju\u017c na pewno mo\u017cna spowolni\u0107 ich degradacj\u0119. Poza tym Ralf jest wykastrowany, ma aktualne szczepienia i nadwag\u0119, kt\u00f3r\u0105 trudno zwalczy\u0107 w schronisku, przy niecodziennym ruchu i braku pe\u0142nej kontroli nad ilo\u015bci\u0105 oraz jako\u015bci\u0105 karmy. Jednak przy odpowiednim \u017cywieniu, codziennych spacerach, Ralf odzyska super lini\u0119, co dodatkowo przyniesie ulg\u0119 jego stawom.<\/p>\n\n\n\n<p>Po trzecie nie mo\u017ce by\u0107 mowy w przypadku Ralfa o agresji czy te\u017c powa\u017cnych problemach behawioralnych. Oczywi\u015bcie, ch\u0142opak wymaga og\u0142ady i kogo\u015b, kto wprowadzi w jego \u017cycie jasne, klarowne zasady i tylko pozytywne metody wychowawcze. Przy odpowiednim poprowadzeniu, cierpliwym, konsekwentnym, ale i ciep\u0142ym opiekunie Ralfik stanie si\u0119 wzorcowym pieskiem z nienagannymi manierami, bo to bardzo m\u0105dry psiak i szybko si\u0119 uczy. Wprawdzie lepiej by by\u0142o dla wszystkich, by w przysz\u0142ej rodzinie Ralfa nie by\u0142o innych zwierz\u0105t, szczeg\u00f3lnie kot\u00f3w. Wiemy, \u017ce za nimi Ralf delikatnie m\u00f3wi\u0105c, nie przepada. Za\u015b w kontaktach ze stworzeniami swego gatunku, r\u00f3\u017cnie to bywa. S\u0105 pieski, z kt\u00f3rymi dogaduje si\u0119 bez problemu, a z innymi troszk\u0119 gorzej. Nie jest jednak typem pieska dominuj\u0105cego i je\u015bli trafi\u0142by na twardy charakter, to raczej b\u0119dzie potrafi\u0142 si\u0119 dostosowa\u0107. Pami\u0119tajcie jednak Pa\u0144stwo, \u017ce zawsze opisujemy zachowania piesk\u00f3w w schronisku.<\/p>\n\n\n\n<p>Po czwarte, nie wymagaj\u0105ce \u017cadnego komentarza \u2013 Ralf jest urody przecudnej. Wprawdzie pi\u0119kno jest poj\u0119ciem wzgl\u0119dnym i je\u015bli kto\u015b szuka w nim nienagannych cech fizycznych labradora, to pewnie poczuje zaw\u00f3d, ale zapewniamy, \u017ce wystarczy po\u015bwi\u0119ci\u0107 mu chwil\u0119, by odt\u0105d patrze\u0107 na niego tylko sercem. I nagle dostrzegasz, jak\u0105 ma pi\u0119kn\u0105, proporcjonaln\u0105 budow\u0119 cia\u0142a i g\u0142adk\u0105, kruczoczarn\u0105 sier\u015b\u0107. Spogl\u0105dasz w pi\u0119kne, pe\u0142ne blasku, bursztynowe oczy i czytasz z nich ogromn\u0105 nadziej\u0119, ale i obietnic\u0119 dozgonnej mi\u0142o\u015bci. Natychmiast przestaje ci przeszkadza\u0107, \u017ce Ralf ma zupe\u0142nie nie labkowe, \u015bmiesznie opadaj\u0105ce uszka, zbyt w\u0105sk\u0105 kuf\u0119 i za ma\u0142\u0105 g\u0142ow\u0119 jak na labradora przysta\u0142o. Przestaje ci\u0119 to obchodzi\u0107, bo zajrza\u0142e\u015b w jego g\u0142\u0105b, w jego dusz\u0119, a ta jest bez rasy, bez skazy. Po prostu jest pi\u0119kna.<\/p>\n\n\n\n<p>Po pi\u0105te, tak, to prawda. Ralf ma za sob\u0105 nieudan\u0105 adopcj\u0119. Najpierw oddany do schroniska przez w\u0142a\u015bciciela z nieznanych nam niestety powod\u00f3w, potem pe\u0142na nadziei adopcja i powr\u00f3t z nast\u0119pnego, jak si\u0119 okaza\u0142o chwilowego domu do schroniska. Kolejna rodzina poda\u0142a nam trzy powody, dla kt\u00f3rych oddaje Ralfa:<br>\u2013 brak akceptacji dla ich kot\u00f3w,<br>\u2013 niedelikatno\u015b\u0107 Ralfa w zabawie z dzie\u0107mi,<br>\u2013 pocz\u0105tki dysplazji, kt\u00f3re wykluczaj\u0105 go ze wsp\u00f3lnej aktywno\u015bci rodzinnej.<br>Nie b\u0119dziemy tego ponownie komentowa\u0107, bo naszym celem jest przede wszystkim dotrze\u0107 do ludzi, kt\u00f3rzy b\u0119d\u0105c w posiadaniu informacji zawartych w po\u015bcie, odpowiedzialnie podejm\u0105 decyzj\u0119 o adopcji Ralfa. Ralf nigdy w schronisku nie wykaza\u0142 agresji wobec cz\u0142owieka. Jego opiekunk\u0105 schroniskow\u0105 jest Beata, mama dw\u00f3ch super dziewczynek, kt\u00f3re zawsze towarzysz\u0105 jej podczas spacer\u00f3w z Ralfem. Czasem te\u017c pod nieobecno\u015b\u0107 Beaty, dziewczynki same zabieraj\u0105 go na wybieg i zapraszaj\u0105 do wsp\u00f3lnej zabawy. Nawet wtedy, nie byli\u015bmy \u015bwiadkami niepokoj\u0105cych zachowa\u0144 Ralfa. Niemniej jednak musimy przekaza\u0107 informacje jakie przedstawi\u0142a nam chwilowa rodzina Ralfa i zak\u0142ada\u0107, \u017ce mog\u0105 by\u0107 prawdziwe.<\/p>\n\n\n\n<p>Mamy te\u017c obowi\u0105zek przypomnie\u0107, \u017ce po adopcji, ale tak\u017ce przecie\u017c po kupnie pieska z hodowli, mog\u0105 pojawi\u0107 si\u0119 problemy wychowawcze, z kt\u00f3rymi zwyczajnie nie jeste\u015bmy sobie w stanie sami poradzi\u0107. Najwa\u017cniejsze, by nie poddawa\u0107 si\u0119 w takich sytuacjach i nie czerpa\u0107 wiedzy jak wychowa\u0107 psa z YouTube, czy radzi\u0107 si\u0119 samozwa\u0144czym behawiorystom. Wyb\u00f3r szkoleniowca, behawiorysty, jest r\u00f3wnie wa\u017cny i istotny, jak wyb\u00f3r pieska. Wierzymy, \u017ce chwilowa rodzina adopcyjna Ralfa chcia\u0142a jak najlepiej, ale trafi\u0142a na behawioryst\u0119, kt\u00f3ry doradza\u0142 izolacj\u0119 Ralfa od rodziny. Hmmm\u2026 Jak wi\u0119c mia\u0142 sta\u0107 si\u0119 jej cz\u0119\u015bci\u0105?&nbsp; To nie mog\u0142o si\u0119 uda\u0107.<\/p>\n\n\n\n<p>Je\u015bli wi\u0119c zabi\u0142o Ci serce szybciej przy Ralfie, on czeka od 4 lat w schronisku na prawdziwy, kochaj\u0105cy dom.<\/p>\n\n\n\n<p class=\"has-text-align-center\">Warunkiem adopcji jest wype\u0142nienie ankiety przedadopcyjnej oraz wizyta przedadopcyjna!<\/p>\n","protected":false},"excerpt":{"rendered":"<p>Data adopcji: 29-05-2020<\/p>\n","protected":false},"author":1,"featured_media":2157,"comment_status":"closed","ping_status":"open","sticky":false,"template":"template-parts\/dog-template.php","format":"standard","meta":{"_acf_changed":false,"neve_meta_sidebar":"","neve_meta_container":"","neve_meta_enable_content_width":"","neve_meta_content_width":0,"neve_meta_title_alignment":"","neve_meta_author_avatar":"","neve_post_elements_order":"[\"content\"]","neve_meta_disable_header":"","neve_meta_disable_footer":"","neve_meta_disable_title":"","footnotes":""},"categories":[6,4],"tags":[],"class_list":["post-1261","post","type-post","status-publish","format-standard","has-post-thumbnail","hentry","category-psy","category-znalazly-dom"],"acf":[],"_links":{"self":[{"href":"https:\/\/psi-jaciel.pl\/index.php\/wp-json\/wp\/v2\/posts\/1261","targetHints":{"allow":["GET"]}}],"collection":[{"href":"https:\/\/psi-jaciel.pl\/index.php\/wp-json\/wp\/v2\/posts"}],"about":[{"href":"https:\/\/psi-jaciel.pl\/index.php\/wp-json\/wp\/v2\/types\/post"}],"author":[{"embeddable":true,"href":"https:\/\/psi-jaciel.pl\/index.php\/wp-json\/wp\/v2\/users\/1"}],"replies":[{"embeddable":true,"href":"https:\/\/psi-jaciel.pl\/index.php\/wp-json\/wp\/v2\/comments?post=1261"}],"version-history":[{"count":2,"href":"https:\/\/psi-jaciel.pl\/index.php\/wp-json\/wp\/v2\/posts\/1261\/revisions"}],"predecessor-version":[{"id":11598,"href":"https:\/\/psi-jaciel.pl\/index.php\/wp-json\/wp\/v2\/posts\/1261\/revisions\/11598"}],"wp:featuredmedia":[{"embeddable":true,"href":"https:\/\/psi-jaciel.pl\/index.php\/wp-json\/wp\/v2\/media\/2157"}],"wp:attachment":[{"href":"https:\/\/psi-jaciel.pl\/index.php\/wp-json\/wp\/v2\/media?parent=1261"}],"wp:term":[{"taxonomy":"category","embeddable":true,"href":"https:\/\/psi-jaciel.pl\/index.php\/wp-json\/wp\/v2\/categories?post=1261"},{"taxonomy":"post_tag","embeddable":true,"href":"https:\/\/psi-jaciel.pl\/index.php\/wp-json\/wp\/v2\/tags?post=1261"}],"curies":[{"name":"wp","href":"https:\/\/api.w.org\/{rel}","templated":true}]}}