{"id":1194,"date":"2019-09-27T00:51:58","date_gmt":"2019-09-26T22:51:58","guid":{"rendered":"https:\/\/psi-jaciel.pl\/?p=1194"},"modified":"2025-03-08T21:52:31","modified_gmt":"2025-03-08T19:52:31","slug":"diler","status":"publish","type":"post","link":"https:\/\/psi-jaciel.pl\/index.php\/2019\/09\/27\/diler\/","title":{"rendered":"Diler"},"content":{"rendered":"\n<h2 class=\"has-text-align-center wp-block-heading\">Diler<\/h2>\n\n\n\n<p class=\"has-text-align-center\"><\/p>\n\n\n\n<p><\/p>\n\n\n\n<hr class=\"wp-block-separator has-alpha-channel-opacity\"\/>\n\n\n\n<p class=\"has-text-align-center\">Data przyj\u0119cia do schroniska:<strong> 27-07-2019<\/strong><br>Wiek okre\u015blony (w przybli\u017ceniu) w dniu przyj\u0119cia: <strong>3 lata<br><\/strong>Stosunek do ludzi: <strong>pozytywny<\/strong><br>Stosunek do innych ps\u00f3w: <strong>r\u00f3\u017cny<\/strong><br><\/p>\n\n\n\n<p>Opiekun: <strong>Diler adoptowany!<\/strong><\/p>\n\n\n\n<hr class=\"wp-block-separator has-alpha-channel-opacity\"\/>\n\n\n\n<div class=\"wp-block-columns is-layout-flex wp-container-core-columns-is-layout-9d6595d7 wp-block-columns-is-layout-flex\">\n<div class=\"wp-block-column is-layout-flow wp-block-column-is-layout-flow\" style=\"flex-basis:33.33%\"><style>.kt-svg-icons_b809ef-cc .kt-svg-item-0 .kb-svg-icon-wrap{color:var(--nv-secondary-accent);font-size:50px;}.wp-block-kadence-icon.kt-svg-icons_b809ef-cc{justify-content:center;}<\/style>\n<div class=\"wp-block-kadence-icon kt-svg-icons kt-svg-icons_b809ef-cc alignnone\" style=\"text-align:center\"><div class=\"kt-svg-style-default kt-svg-icon-wrap kt-svg-item-0\"><div style=\"display:inline-flex;justify-content:center;align-items:center;color:var(--nv-secondary-accent)\" class=\"kt-svg-icon kt-svg-icon-ic_person\"><svg style=\"display:inline-block;vertical-align:middle\" viewBox=\"0 0 8 8\" height=\"50\" width=\"50\" fill=\"currentColor\" xmlns=\"http:\/\/www.w3.org\/2000\/svg\" aria-hidden=\"true\"><path d=\"M4 0c-1.1 0-2 1.12-2 2.5s.9 2.5 2 2.5 2-1.12 2-2.5-.9-2.5-2-2.5zm-2.09 5c-1.06.05-1.91.92-1.91 2v1h8v-1c0-1.08-.84-1.95-1.91-2-.54.61-1.28 1-2.09 1-.81 0-1.55-.39-2.09-1z\"><\/path><\/svg><\/div><\/div><\/div>\n<\/div>\n\n\n\n<div class=\"wp-block-column is-layout-flow wp-block-column-is-layout-flow\" style=\"flex-basis:66.66%\">\n<p><strong><strong><strong>Kontakt w sprawie adopcji: <strong>Sandra <\/strong>(tel. 723 517 563), <strong>Ola <\/strong>(tel. 724 135 335)<\/strong><\/strong><\/strong><\/p>\n<\/div>\n<\/div>\n\n\n\n<div class=\"wp-block-columns is-layout-flex wp-container-core-columns-is-layout-9d6595d7 wp-block-columns-is-layout-flex\">\n<div class=\"wp-block-column is-layout-flow wp-block-column-is-layout-flow\" style=\"flex-basis:33.33%\"><style>.kt-svg-icons_0cd93e-b4 .kt-svg-item-0 .kb-svg-icon-wrap{color:var(--nv-secondary-accent);font-size:50px;}.wp-block-kadence-icon.kt-svg-icons_0cd93e-b4{justify-content:center;}<\/style>\n<div class=\"wp-block-kadence-icon kt-svg-icons kt-svg-icons_0cd93e-b4 alignnone\" style=\"text-align:center\"><div class=\"kt-svg-style-default kt-svg-icon-wrap kt-svg-item-0\"><div style=\"display:inline-flex;justify-content:center;align-items:center;color:var(--nv-secondary-accent)\" class=\"kt-svg-icon kt-svg-icon-fas_question\"><svg style=\"display:inline-block;vertical-align:middle\" viewBox=\"0 0 384 512\" height=\"50\" width=\"50\" fill=\"currentColor\" xmlns=\"http:\/\/www.w3.org\/2000\/svg\" aria-hidden=\"true\"><path d=\"M202.021 0C122.202 0 70.503 32.703 29.914 91.026c-7.363 10.58-5.093 25.086 5.178 32.874l43.138 32.709c10.373 7.865 25.132 6.026 33.253-4.148 25.049-31.381 43.63-49.449 82.757-49.449 30.764 0 68.816 19.799 68.816 49.631 0 22.552-18.617 34.134-48.993 51.164-35.423 19.86-82.299 44.576-82.299 106.405V320c0 13.255 10.745 24 24 24h72.471c13.255 0 24-10.745 24-24v-5.773c0-42.86 125.268-44.645 125.268-160.627C377.504 66.256 286.902 0 202.021 0zM192 373.459c-38.196 0-69.271 31.075-69.271 69.271 0 38.195 31.075 69.27 69.271 69.27s69.271-31.075 69.271-69.271-31.075-69.27-69.271-69.27z\"><\/path><\/svg><\/div><\/div><\/div>\n<\/div>\n\n\n\n<div class=\"wp-block-column is-layout-flow wp-block-column-is-layout-flow\" style=\"flex-basis:66.66%\">\n<p><strong>Dilerek niestety nie ma wirtualnego opiekuna. Kliknij <a href=\"https:\/\/psi-jaciel.pl\/psi-garnij-wirtualnie\/\"><strong>tutaj<\/strong><\/a>, je\u017celi chcesz mu pom\u00f3c.<\/strong><\/p>\n<\/div>\n<\/div>\n\n\n\n<hr class=\"wp-block-separator has-alpha-channel-opacity\"\/>\n\n\n\n<figure class=\"wp-block-gallery has-nested-images columns-default is-cropped wp-block-gallery-1 is-layout-flex wp-block-gallery-is-layout-flex\">\n<figure class=\"wp-block-image size-large\"><img loading=\"lazy\" decoding=\"async\" width=\"683\" height=\"1024\" data-id=\"2706\" src=\"https:\/\/psi-jaciel.pl\/wp-content\/uploads\/2020\/05\/diler-glowne-683x1024.jpg\" alt=\"\" class=\"wp-image-2706\" srcset=\"https:\/\/psi-jaciel.pl\/wp-content\/uploads\/2020\/05\/diler-glowne-683x1024.jpg 683w, https:\/\/psi-jaciel.pl\/wp-content\/uploads\/2020\/05\/diler-glowne-200x300.jpg 200w, https:\/\/psi-jaciel.pl\/wp-content\/uploads\/2020\/05\/diler-glowne.jpg 720w\" sizes=\"auto, (max-width: 683px) 100vw, 683px\" \/><\/figure>\n\n\n\n<figure class=\"wp-block-image size-large\"><img loading=\"lazy\" decoding=\"async\" width=\"1024\" height=\"683\" data-id=\"1835\" src=\"https:\/\/psi-jaciel.pl\/wp-content\/uploads\/2020\/03\/diler-1-1024x683.jpg\" alt=\"\" class=\"wp-image-1835\" srcset=\"https:\/\/psi-jaciel.pl\/wp-content\/uploads\/2020\/03\/diler-1-1024x683.jpg 1024w, https:\/\/psi-jaciel.pl\/wp-content\/uploads\/2020\/03\/diler-1-300x200.jpg 300w, https:\/\/psi-jaciel.pl\/wp-content\/uploads\/2020\/03\/diler-1-768x512.jpg 768w, https:\/\/psi-jaciel.pl\/wp-content\/uploads\/2020\/03\/diler-1-1536x1024.jpg 1536w, https:\/\/psi-jaciel.pl\/wp-content\/uploads\/2020\/03\/diler-1.jpg 1620w\" sizes=\"auto, (max-width: 1024px) 100vw, 1024px\" \/><\/figure>\n\n\n\n<figure class=\"wp-block-image size-large\"><img loading=\"lazy\" decoding=\"async\" width=\"1024\" height=\"683\" data-id=\"1836\" src=\"https:\/\/psi-jaciel.pl\/wp-content\/uploads\/2020\/03\/diler-2-1024x683.jpg\" alt=\"\" class=\"wp-image-1836\" srcset=\"https:\/\/psi-jaciel.pl\/wp-content\/uploads\/2020\/03\/diler-2-1024x683.jpg 1024w, https:\/\/psi-jaciel.pl\/wp-content\/uploads\/2020\/03\/diler-2-300x200.jpg 300w, https:\/\/psi-jaciel.pl\/wp-content\/uploads\/2020\/03\/diler-2-768x512.jpg 768w, https:\/\/psi-jaciel.pl\/wp-content\/uploads\/2020\/03\/diler-2-1536x1024.jpg 1536w, https:\/\/psi-jaciel.pl\/wp-content\/uploads\/2020\/03\/diler-2.jpg 1620w\" sizes=\"auto, (max-width: 1024px) 100vw, 1024px\" \/><\/figure>\n<\/figure>\n\n\n\n<hr class=\"wp-block-separator has-alpha-channel-opacity\"\/>\n\n\n\n<h2 class=\"has-text-align-center wp-block-heading\">Diler &#8211; ma\u0142y pies o wielkim sercu<\/h2>\n\n\n\n<p>Historia jakich wiele w schronisku\u2026 Gdy pies kilka razy ucieka i nale\u017cy go odbiera\u0107, zawraca\u0107 sobie g\u0142ow\u0119, przerywa\u0107 codzienne zaj\u0119cia i jeszcze p\u0142aci\u0107 mandaty, z czasem w\u0142a\u015bciciel dochodzi do wniosku, \u017ce w zasadzie ten pies ju\u017c nie jest mu potrzebny. W\u0142a\u015bnie tak by\u0142o w przypadku Dilera, w\u0142a\u015bcicielowi z czasem przesta\u0142o zale\u017ce\u0107 na tym, by wraca\u0142 do domu i tak oto sta\u0142 si\u0119 mieszka\u0144cem schroniska, a ciep\u0142e legowisko zamieni\u0142 na zimn\u0105 bud\u0119.<\/p>\n\n\n\n<p>Jaki jest Diler? Mo\u017cna powiedzie\u0107, \u017ce to zwyk\u0142y, normalny pies jak pies. Pies, kt\u00f3ry \u015bwietnie wpasowa\u0142by si\u0119 w du\u017c\u0105 rodzin\u0119, poniewa\u017c ma bardzo dobry kontakt z cz\u0142owiekiem, zar\u00f3wno tym du\u017cym i ma\u0142ym. Nigdy nie odmawia pieszczot i przytulask\u00f3w, uwielbia si\u0119 bawi\u0107, a jego ulubione zaj\u0119cie to bieganie za pi\u0142k\u0105 na wybiegu, zaczepia wr\u0119cz wtedy do zabawy, robi\u0105c wszystko, aby zwr\u00f3ci\u0107 na niego uwag\u0119. Ale uwaga! Gdy czasem w\u0142\u0105czy tryb \u201ewykopa\u0107 jak najwi\u0119ksz\u0105 dziur\u0119\u201d trzeba si\u0119 mocno postara\u0107, by skupi\u0107 jego atencj\u0119 na cz\u0142owieku.<\/p>\n\n\n\n<p>Diler to ch\u0142opak, kt\u00f3rego w kojcu rozpiera energia. Po wyj\u015bciu na spacer bardzo si\u0119 ekscytuje, co objawia si\u0119 tym, \u017ce przez pierwsze sekundy gryzie smycz, jakby chcia\u0142 powiedzie\u0107 swojej opiekunce: \u201eNo szybciej, chod\u017amy ju\u017c st\u0105d!\u201d\u2019. Na szcz\u0119\u015bcie za bram\u0105 schroniska uspokaja si\u0119 i pragnie ju\u017c tylko nigdy nie wraca\u0107 do kojca\u2026<\/p>\n\n\n\n<p>Wierzymy, \u017ce kiedy\u015b nast\u0105pi ten dzie\u0144, kiedy kto\u015b na zawsze zabierze go z daleka od zgie\u0142ku, ujadaj\u0105cych dooko\u0142a ps\u00f3w, smutku i samotnych dni. Diler na pewno odp\u0142aci si\u0119 najlepiej jak tylko potrafi, b\u0119dzie wiernym przyjacielem, obro\u0144c\u0105 i \u201epocieszaczem\u201d do ko\u0144ca swoich dni.<\/p>\n\n\n\n<p class=\"has-text-align-center\">Warunkiem adopcji jest wype\u0142nienie ankiety przedadopcyjnej oraz wizyta przedadopcyjna!<\/p>\n","protected":false},"excerpt":{"rendered":"<p>Data adopcji: 06-03-2020<\/p>\n","protected":false},"author":1,"featured_media":2706,"comment_status":"closed","ping_status":"open","sticky":false,"template":"template-parts\/dog-template.php","format":"standard","meta":{"_acf_changed":false,"neve_meta_sidebar":"","neve_meta_container":"","neve_meta_enable_content_width":"","neve_meta_content_width":0,"neve_meta_title_alignment":"","neve_meta_author_avatar":"","neve_post_elements_order":"[\"content\"]","neve_meta_disable_header":"","neve_meta_disable_footer":"","neve_meta_disable_title":"","footnotes":""},"categories":[6,4],"tags":[],"class_list":["post-1194","post","type-post","status-publish","format-standard","has-post-thumbnail","hentry","category-psy","category-znalazly-dom"],"acf":[],"_links":{"self":[{"href":"https:\/\/psi-jaciel.pl\/index.php\/wp-json\/wp\/v2\/posts\/1194","targetHints":{"allow":["GET"]}}],"collection":[{"href":"https:\/\/psi-jaciel.pl\/index.php\/wp-json\/wp\/v2\/posts"}],"about":[{"href":"https:\/\/psi-jaciel.pl\/index.php\/wp-json\/wp\/v2\/types\/post"}],"author":[{"embeddable":true,"href":"https:\/\/psi-jaciel.pl\/index.php\/wp-json\/wp\/v2\/users\/1"}],"replies":[{"embeddable":true,"href":"https:\/\/psi-jaciel.pl\/index.php\/wp-json\/wp\/v2\/comments?post=1194"}],"version-history":[{"count":3,"href":"https:\/\/psi-jaciel.pl\/index.php\/wp-json\/wp\/v2\/posts\/1194\/revisions"}],"predecessor-version":[{"id":11611,"href":"https:\/\/psi-jaciel.pl\/index.php\/wp-json\/wp\/v2\/posts\/1194\/revisions\/11611"}],"wp:featuredmedia":[{"embeddable":true,"href":"https:\/\/psi-jaciel.pl\/index.php\/wp-json\/wp\/v2\/media\/2706"}],"wp:attachment":[{"href":"https:\/\/psi-jaciel.pl\/index.php\/wp-json\/wp\/v2\/media?parent=1194"}],"wp:term":[{"taxonomy":"category","embeddable":true,"href":"https:\/\/psi-jaciel.pl\/index.php\/wp-json\/wp\/v2\/categories?post=1194"},{"taxonomy":"post_tag","embeddable":true,"href":"https:\/\/psi-jaciel.pl\/index.php\/wp-json\/wp\/v2\/tags?post=1194"}],"curies":[{"name":"wp","href":"https:\/\/api.w.org\/{rel}","templated":true}]}}